{"id":303,"date":"2007-08-31T20:09:51","date_gmt":"2007-08-31T18:09:51","guid":{"rendered":"http:\/\/www.bdc-berlin.de\/cms\/2012\/02\/08\/2007-weserbergland-5-jahre-bdc\/"},"modified":"2019-03-03T12:25:54","modified_gmt":"2019-03-03T11:25:54","slug":"2007-weserbergland-5-jahre-bdc","status":"publish","type":"post","link":"http:\/\/www.bdc-berlin.de\/cms\/2007-weserbergland-5-jahre-bdc\/","title":{"rendered":"Weserbergland &#8211; 5 Jahre BDC"},"content":{"rendered":"<h2><strong class=\"art-postheader\">Vorwort<\/strong><\/h2>\n<div class=\"art-postcontent\">\n<div class=\"art-article\">\n<p style=\"text-align: justify;\">So ihr Lieben, dass ist jetzt aber wirklich der letzte Bericht den ich f\u00fcr euch schreibe. Auf Bitte von Andreas und anl\u00e4sslich des Jubil\u00e4ums &#8211; 5 Jahre BDC &#8211; habe ich mich noch einmal breit schlagen lassen. Ich bitte um Nachsicht wenn ich nicht jeden erw\u00e4hnen kann und bei den Krodo-Bikern wei\u00df ich leider auch nicht jeden Namen, bitte verzeiht es mir!! Ich kann es auch nur aus meiner Sicht wiedergeben, beispielsweise haben wir (Kathi, Ramona, Torsten und Ich) in einer Pension gen\u00e4chtigt w\u00e4hrend Andere noch in der Jugendherberge bis sp\u00e4t in die Nacht Tischkicker spielten und Zahnpasta unter die T\u00fcrklinken schmierten. Ich tue mich heute beim schreiben auch schon sehr schwer, sind nun Wochen und Monate ins Land gegangen. Doch mit Hilfe von Fotos versuche ich noch einmal die Erinnerungen zur\u00fcck zu holen. Sicher wird mir das nicht so gut gelingen wie Torsten es mit seinen m\u00fchevollen Fotoshows vollbringt. Trotzdem viel Spa\u00df beim lesen und schreibt mal wie es gefallen hat! Zum Schluss noch einmal vielen Dank an Alle die zum gelingen der Tour und der Feier beigetragen haben. Wieder wurde versucht es allen recht zu machen. Das klappt nat\u00fcrlich nie, aber es war sehr nahe dran, danke! Liebe Gr\u00fc\u00dfe aus Berlin ins Weserbergland und in den Harz.<\/p>\n<div>Euer Falko<\/div>\n<p><!--nextpage--><\/p>\n<h2>Freitag 31.08.2007<\/h2>\n<p style=\"text-align: justify;\"><a href=\"https:\/\/i0.wp.com\/www.bdc-berlin.de\/cms\/wp-content\/uploads\/2012\/02\/Bild01.jpg\"><img data-recalc-dims=\"1\" loading=\"lazy\" decoding=\"async\" data-attachment-id=\"276\" data-permalink=\"http:\/\/www.bdc-berlin.de\/cms\/2007-weserbergland-5-jahre-bdc\/attachment-bild01\/\" data-orig-file=\"https:\/\/i0.wp.com\/www.bdc-berlin.de\/cms\/wp-content\/uploads\/2012\/02\/Bild01.jpg?fit=640%2C427\" data-orig-size=\"640,427\" data-comments-opened=\"1\" data-image-meta=\"{&quot;aperture&quot;:&quot;4&quot;,&quot;credit&quot;:&quot;&quot;,&quot;camera&quot;:&quot;Canon PowerShot A640&quot;,&quot;caption&quot;:&quot;&quot;,&quot;created_timestamp&quot;:&quot;1188552174&quot;,&quot;copyright&quot;:&quot;&quot;,&quot;focal_length&quot;:&quot;8.46&quot;,&quot;iso&quot;:&quot;0&quot;,&quot;shutter_speed&quot;:&quot;0.005&quot;,&quot;title&quot;:&quot;&quot;,&quot;orientation&quot;:&quot;0&quot;}\" data-image-title=\"Bild01\" data-image-description=\"\" data-image-caption=\"\" data-large-file=\"https:\/\/i0.wp.com\/www.bdc-berlin.de\/cms\/wp-content\/uploads\/2012\/02\/Bild01.jpg?fit=610%2C407\" class=\"alignright wp-image-276 size-thumbnail\" src=\"https:\/\/i0.wp.com\/www.bdc-berlin.de\/cms\/wp-content\/uploads\/2012\/02\/Bild01.jpg?resize=150%2C150\" alt=\"\" width=\"150\" height=\"150\" srcset=\"https:\/\/i0.wp.com\/www.bdc-berlin.de\/cms\/wp-content\/uploads\/2012\/02\/Bild01.jpg?resize=150%2C150 150w, https:\/\/i0.wp.com\/www.bdc-berlin.de\/cms\/wp-content\/uploads\/2012\/02\/Bild01.jpg?zoom=2&amp;resize=150%2C150 300w, https:\/\/i0.wp.com\/www.bdc-berlin.de\/cms\/wp-content\/uploads\/2012\/02\/Bild01.jpg?zoom=3&amp;resize=150%2C150 450w\" sizes=\"auto, (max-width: 150px) 100vw, 150px\" \/><\/a>Wie so oft, treffen wir uns auch heute am ATU-Glienickerweg, 9.00Uhr. Nicht alle sind Punkt 9.00 Uhr da. Gut, das ist immer eingeplant. Peggy und Micha nehmen Kathi und mich in Empfang. Kurz darauf folgen auch schon Steffen und Petra mit Olaf. Mit Tat\u00fctata f\u00e4hrt die deutsche Volkspolizei mit &#8222;Pension Sachsenruh&#8220; an der Anh\u00e4ngerkupplung an uns vorbei.<\/p>\n<p style=\"text-align: justify;\">Inzwischen treffen auch Ramona und Torsten ein. Nun Christiane fehlt noch und das macht mir schon langsam Sorgen. F\u00fcr dieses Wochenende hat sie sich extra ein Moped gemietet um dabei sein zu k\u00f6nnen. Vor ca. zwei Jahren musste sie sich von ihrer BMW trennen und ist seit dem nicht mehr gefahren. Wo bleibt sie nur? Hoffentlich ist ihr nichts passiert! Es klingelt das Handy, Christiane ist dran und erkl\u00e4rt, dass sie sich leider doch verfahren hat und bittet um etwas Geduld. &#8222;Kein Problem! Wir fahren nicht ohne dich!&#8220; erkl\u00e4re ich ihr und beschreibe nochmals die Anfahrt zum Treffpunkt. Christiane ist aber nicht die Einzige die noch fehlt. Andreas muss mit seiner Kerstin wegen dienstlichen Verpflichtungen sp\u00e4ter nachkommen. J\u00fcrgen hat noch mehr Pech, seine &#8222;Pan&#8220; ist ihm die letzten Tage immer wieder ausgegangen und steht nun noch immer bei Honda, die aber finden den Fehler nicht. Schade, J\u00fcrgen und Sabine werden uns fehlen! Nun ist Christiane eingetroffen und so kann es auf die Autobahn gehen. Das Wetter gibt uns noch R\u00e4tsel auf, denn es ist bedeckt aber regnet nicht. Darum bleiben die Regenklamotten erst einmal im Koffer. Auf der Autobahn merkt man aber wie unangenehm es heute ist. Man w\u00fcnscht sich mehr Sonne f\u00fcr h\u00f6here Temperaturen und weniger Wind zum entspannten Kilometer fressen. Der Wind macht besonders Christiane zu schaffen. Sie liegt hinter der kleinen Verkleidung, kauert im Wind und hat auf gerader Strecke eine Schr\u00e4glage wie Valentino Rossi in der Kurve.<\/p>\n<p style=\"text-align: justify;\"><a href=\"https:\/\/i0.wp.com\/www.bdc-berlin.de\/cms\/wp-content\/uploads\/2012\/02\/Bild02.jpg\"><img data-recalc-dims=\"1\" loading=\"lazy\" decoding=\"async\" data-attachment-id=\"277\" data-permalink=\"http:\/\/www.bdc-berlin.de\/cms\/2007-weserbergland-5-jahre-bdc\/attachment-bild02\/\" data-orig-file=\"https:\/\/i0.wp.com\/www.bdc-berlin.de\/cms\/wp-content\/uploads\/2012\/02\/Bild02.jpg?fit=640%2C480\" data-orig-size=\"640,480\" data-comments-opened=\"1\" data-image-meta=\"{&quot;aperture&quot;:&quot;4&quot;,&quot;credit&quot;:&quot;&quot;,&quot;camera&quot;:&quot;Canon PowerShot A640&quot;,&quot;caption&quot;:&quot;&quot;,&quot;created_timestamp&quot;:&quot;1188564880&quot;,&quot;copyright&quot;:&quot;&quot;,&quot;focal_length&quot;:&quot;17.342&quot;,&quot;iso&quot;:&quot;0&quot;,&quot;shutter_speed&quot;:&quot;0.003125&quot;,&quot;title&quot;:&quot;&quot;,&quot;orientation&quot;:&quot;0&quot;}\" data-image-title=\"Bild02\" data-image-description=\"\" data-image-caption=\"\" data-large-file=\"https:\/\/i0.wp.com\/www.bdc-berlin.de\/cms\/wp-content\/uploads\/2012\/02\/Bild02.jpg?fit=610%2C458\" class=\"alignleft size-thumbnail wp-image-277\" src=\"https:\/\/i0.wp.com\/www.bdc-berlin.de\/cms\/wp-content\/uploads\/2012\/02\/Bild02.jpg?resize=150%2C150\" alt=\"\" width=\"150\" height=\"150\" srcset=\"https:\/\/i0.wp.com\/www.bdc-berlin.de\/cms\/wp-content\/uploads\/2012\/02\/Bild02.jpg?resize=150%2C150 150w, https:\/\/i0.wp.com\/www.bdc-berlin.de\/cms\/wp-content\/uploads\/2012\/02\/Bild02.jpg?zoom=2&amp;resize=150%2C150 300w, https:\/\/i0.wp.com\/www.bdc-berlin.de\/cms\/wp-content\/uploads\/2012\/02\/Bild02.jpg?zoom=3&amp;resize=150%2C150 450w\" sizes=\"auto, (max-width: 150px) 100vw, 150px\" \/><\/a>Auf etwa der H\u00e4lfte der Autobahnstrecke h\u00e4lt Micha auf einem Autohof an um zu verschnaufen. Die Einen suchen das WC auf und ich hole mir einen Hamburger zur St\u00e4rkung. Da die ersten Tropfen vom Himmel fallen werden die ersten Regenpellen \u00fcbergezogen. Nachdem Christiane fertig ist f\u00e4llt ihr ein, dass sie tanken muss.<\/p>\n<p style=\"text-align: justify;\">Der zweite Halt, wieder eine Tankstelle, wir haben die Autobahn schon verlassen und nur wenige Kilometer trennen uns noch von unseren Harzer Freunden, den Krodo-Bikern. Micha nimmt schon Kontakt zu ihnen auf und gibt Bericht \u00fcber unsere aktuelle Lage. Diese Lage sieht wie folgt aus. Mensch und Maschine wohlauf und werden gerade gef\u00fcttert. Aufsatteln und weiter geht es \u00fcber Halberstadt und Wernigerode. Zwei, drei Kurven sp\u00e4ter ist der n\u00e4chste Treffpunkt erreicht: Hotel Kammerkrug in Bad Harzburg. Merkw\u00fcrdig ist nur, die Mopeds der Krodos stehen vor dem Hotel, nur die Biker sind nicht zu sehen. Weder auf dem Parkplatz, noch in der Stube sieht man ein bekanntes Gesicht.<\/p>\n<p><a href=\"https:\/\/i0.wp.com\/www.bdc-berlin.de\/cms\/wp-content\/uploads\/2012\/02\/Bild03.jpg\"><img data-recalc-dims=\"1\" loading=\"lazy\" decoding=\"async\" data-attachment-id=\"278\" data-permalink=\"http:\/\/www.bdc-berlin.de\/cms\/2007-weserbergland-5-jahre-bdc\/attachment-bild03\/\" data-orig-file=\"https:\/\/i0.wp.com\/www.bdc-berlin.de\/cms\/wp-content\/uploads\/2012\/02\/Bild03.jpg?fit=640%2C480\" data-orig-size=\"640,480\" data-comments-opened=\"1\" data-image-meta=\"{&quot;aperture&quot;:&quot;4&quot;,&quot;credit&quot;:&quot;&quot;,&quot;camera&quot;:&quot;Canon PowerShot A640&quot;,&quot;caption&quot;:&quot;&quot;,&quot;created_timestamp&quot;:&quot;1188571989&quot;,&quot;copyright&quot;:&quot;&quot;,&quot;focal_length&quot;:&quot;7.3&quot;,&quot;iso&quot;:&quot;0&quot;,&quot;shutter_speed&quot;:&quot;0.00625&quot;,&quot;title&quot;:&quot;&quot;,&quot;orientation&quot;:&quot;0&quot;}\" data-image-title=\"Bild03\" data-image-description=\"\" data-image-caption=\"\" data-large-file=\"https:\/\/i0.wp.com\/www.bdc-berlin.de\/cms\/wp-content\/uploads\/2012\/02\/Bild03.jpg?fit=610%2C458\" class=\"alignleft size-medium wp-image-278\" src=\"https:\/\/i0.wp.com\/www.bdc-berlin.de\/cms\/wp-content\/uploads\/2012\/02\/Bild03.jpg?resize=300%2C225\" alt=\"\" width=\"300\" height=\"225\" srcset=\"https:\/\/i0.wp.com\/www.bdc-berlin.de\/cms\/wp-content\/uploads\/2012\/02\/Bild03.jpg?resize=300%2C225 300w, https:\/\/i0.wp.com\/www.bdc-berlin.de\/cms\/wp-content\/uploads\/2012\/02\/Bild03.jpg?w=640 640w\" sizes=\"auto, (max-width: 300px) 100vw, 300px\" \/><\/a><a href=\"https:\/\/i0.wp.com\/www.bdc-berlin.de\/cms\/wp-content\/uploads\/2012\/02\/Bild04.jpg\"><img data-recalc-dims=\"1\" loading=\"lazy\" decoding=\"async\" data-attachment-id=\"279\" data-permalink=\"http:\/\/www.bdc-berlin.de\/cms\/2007-weserbergland-5-jahre-bdc\/attachment-bild04\/\" data-orig-file=\"https:\/\/i0.wp.com\/www.bdc-berlin.de\/cms\/wp-content\/uploads\/2012\/02\/Bild04.jpg?fit=640%2C480\" data-orig-size=\"640,480\" data-comments-opened=\"1\" data-image-meta=\"{&quot;aperture&quot;:&quot;4&quot;,&quot;credit&quot;:&quot;&quot;,&quot;camera&quot;:&quot;Canon PowerShot A640&quot;,&quot;caption&quot;:&quot;&quot;,&quot;created_timestamp&quot;:&quot;1188571944&quot;,&quot;copyright&quot;:&quot;&quot;,&quot;focal_length&quot;:&quot;7.3&quot;,&quot;iso&quot;:&quot;0&quot;,&quot;shutter_speed&quot;:&quot;0.008&quot;,&quot;title&quot;:&quot;&quot;,&quot;orientation&quot;:&quot;0&quot;}\" data-image-title=\"Bild04\" data-image-description=\"\" data-image-caption=\"\" data-large-file=\"https:\/\/i0.wp.com\/www.bdc-berlin.de\/cms\/wp-content\/uploads\/2012\/02\/Bild04.jpg?fit=610%2C458\" class=\"alignright size-medium wp-image-279\" src=\"https:\/\/i0.wp.com\/www.bdc-berlin.de\/cms\/wp-content\/uploads\/2012\/02\/Bild04.jpg?resize=300%2C225\" alt=\"\" width=\"300\" height=\"225\" srcset=\"https:\/\/i0.wp.com\/www.bdc-berlin.de\/cms\/wp-content\/uploads\/2012\/02\/Bild04.jpg?resize=300%2C225 300w, https:\/\/i0.wp.com\/www.bdc-berlin.de\/cms\/wp-content\/uploads\/2012\/02\/Bild04.jpg?w=640 640w\" sizes=\"auto, (max-width: 300px) 100vw, 300px\" \/><\/a><\/p>\n<p style=\"text-align: justify;\">Einmal um das Haus geschlichen und siehe da, da sitzen sie alle. Ein gro\u00dfes Hallo, H\u00e4ndesch\u00fctteln und Schulter klopfen. Uta und Peter sind auch da, haben sie zuvor schon ein paar Tage Urlaub im Harz gemacht. F\u00fcr uns h\u00e4lt man auch schon einen Kaffee bereit, den wir jetzt auch gerne annehmen. Es wird geschnattert ohne Ende und fast vergessen warum wir uns heute treffen. Doch Klaudia macht dem ein Ende und fordert alle auf sich zum Parkplatz zu bequemen. Dort wartet Torsten auf uns um vor der gro\u00dfen Fahrt noch ein Gruppenfoto zu machen.<\/p>\n<p style=\"text-align: justify;\">Nun machen sich knapp 20 Handgasaffen mit und ohne Sozia auf und verlassen deutlich h\u00f6rbar Bad Harzburg. Doch kaum in Fahrt und die ersten kleinen Kurven an der Oker kommt der Tross zum erliegen. An der Talsperre wird durchgez\u00e4hlt w\u00e4hrend uns Markus mit Musik aus seinem Radio unterh\u00e4lt und die Ersten zum Tanz einhaken.<\/p>\n<p style=\"text-align: justify;\"><a href=\"https:\/\/i0.wp.com\/www.bdc-berlin.de\/cms\/wp-content\/uploads\/2012\/02\/Bild05.jpg\"><img data-recalc-dims=\"1\" loading=\"lazy\" decoding=\"async\" data-attachment-id=\"280\" data-permalink=\"http:\/\/www.bdc-berlin.de\/cms\/2007-weserbergland-5-jahre-bdc\/attachment-bild05\/\" data-orig-file=\"https:\/\/i0.wp.com\/www.bdc-berlin.de\/cms\/wp-content\/uploads\/2012\/02\/Bild05.jpg?fit=640%2C480\" data-orig-size=\"640,480\" data-comments-opened=\"1\" data-image-meta=\"{&quot;aperture&quot;:&quot;4&quot;,&quot;credit&quot;:&quot;&quot;,&quot;camera&quot;:&quot;Canon PowerShot A640&quot;,&quot;caption&quot;:&quot;&quot;,&quot;created_timestamp&quot;:&quot;1188573343&quot;,&quot;copyright&quot;:&quot;&quot;,&quot;focal_length&quot;:&quot;7.3&quot;,&quot;iso&quot;:&quot;0&quot;,&quot;shutter_speed&quot;:&quot;0.01&quot;,&quot;title&quot;:&quot;&quot;,&quot;orientation&quot;:&quot;0&quot;}\" data-image-title=\"Bild05\" data-image-description=\"\" data-image-caption=\"\" data-large-file=\"https:\/\/i0.wp.com\/www.bdc-berlin.de\/cms\/wp-content\/uploads\/2012\/02\/Bild05.jpg?fit=610%2C458\" class=\"alignright size-thumbnail wp-image-280\" src=\"https:\/\/i0.wp.com\/www.bdc-berlin.de\/cms\/wp-content\/uploads\/2012\/02\/Bild05.jpg?resize=150%2C150\" alt=\"\" width=\"150\" height=\"150\" srcset=\"https:\/\/i0.wp.com\/www.bdc-berlin.de\/cms\/wp-content\/uploads\/2012\/02\/Bild05.jpg?resize=150%2C150 150w, https:\/\/i0.wp.com\/www.bdc-berlin.de\/cms\/wp-content\/uploads\/2012\/02\/Bild05.jpg?zoom=2&amp;resize=150%2C150 300w, https:\/\/i0.wp.com\/www.bdc-berlin.de\/cms\/wp-content\/uploads\/2012\/02\/Bild05.jpg?zoom=3&amp;resize=150%2C150 450w\" sizes=\"auto, (max-width: 150px) 100vw, 150px\" \/><\/a>In diesem Tempo bis kurz davor die Erdgravitation zu verlassen, los, zwei Kurven, Stopp, tanken, Pullerpause, Zigarettenpause, einkaufen, Gassi gehen, Kette spannen, \u00d6lwechsel usw., erreichen wir erst Uslar und dann Bad Karlshafen noch vor Sonnenuntergang. Nun m\u00fcssen \u00fcberfallartig und f\u00fcr einen Kurort angemessen die Einwohner und Kurg\u00e4ste im Viertakt-Motorensound begr\u00fc\u00dft werden. Und wenn die BMW von Dietmar noch nicht laut genug ist, wird die nachtr\u00e4glich eingebaute Alarmanlage schon f\u00fcr gen\u00fcgend Aufmerksamkeit sorgen. Was die Kradistenseele den charakteristischen Soundtrack seines Motors zum \u00fcberleben des mitteleurop\u00e4ischen Winters braucht, wird heute jedem Eingeborenen und Kassenpatienten Bad Karlshafens als akustische Ged\u00e4chtnisst\u00fctzen in die Hirnrinde geklopft. Kreuz und quer geht es durch den bis k\u00fcrzlich noch beschaulichen Ort der Ruhe der Dauercamper. Zerhackte Schallwellensalven, wie Geburtswehen heraus gepresst bekommt auch der Nachbar der Jugendherberge unters Sch\u00e4deldach. Aber Stopp! Das ist doch gar nicht die Jugendherberge! &#8222;Auf der Stelle drehen!&#8220; ruft einer aus der Menge. Schon gibt es die ersten Biker die das sehr w\u00f6rtlich nehmen und ihre &#8222;Klappersacki&#8220; auf den Seitenst\u00e4nder drehen und auf die Seite schmei\u00dfen. Da dieses von Nachbars Zaune beobachtet wird kann das Moped nicht im Boden verscharrt werden und muss an der Jugendherberge entsorgt werden. Nun trennen sich vorerst die Wege und zusammen mit Ramona und Torsten suchen wir unser Quartier auf. Schnell ist die Pension Hoffmann gefunden und eine alte Dame, schon aus dem Fenster winkend, nimmt uns in Empfang. Auch unsere Mopeds bekommen einen Extraplatz zugewiesen. Das Haus selbst erz\u00e4hlt Geschichten einer lange vergangenen Jugend. Die W\u00e4nde im Treppenhaus sind reich verziert mit Tellern und anderem Wandschmuck auf denen viele schlaue Lebensweisheiten eingebrannt sind. Unsere Zimmer unter dem Dach haben auch schon lange keine Renovierung mehr gesehen. Kurz gesagt, die \u00dcbernachtung entspricht genau unseren Vorstellungen.<\/p>\n<p style=\"text-align: justify;\">Nachdem wir uns eingerichtet haben und etwas f\u00fcr unsere K\u00f6rperhygiene getan haben machen wir uns auf dem Weg zum &#8222;Kaiser Wilhelm&#8220;. Das ist die Schnitzelstube die uns heute Abend bekochen und unterhalten soll. Peggy &amp; Micha waren liebevoll bis ins Detail und haben organisiert, sowie reserviert. So werden uns passend f\u00fcr alle Biker Tische zugewiesen.<\/p>\n<p style=\"text-align: justify;\">Nach und nach treffen auch die letzten Biker ein und im nu stehen Getr\u00e4nke und Essen auf dem Tisch. Die wenigen Kellnerinnen haben scheinbar keine M\u00fche mit so einer gro\u00dfen Meute fertig zu werden. Steffen hat scheinbar den gr\u00f6\u00dften Hunger und verteidigt mit allen Mitteln seinen Teller. Mit einen gef\u00fcllten Magen und ein paar Bier wird die Stimmung immer gel\u00f6ster. Zur \u00dcberraschung treffen sp\u00e4t, aber nicht zu sp\u00e4t Sabine und J\u00fcrgen doch noch ein. Nun hatte es die Honda-Werkstatt doch geschafft seine &#8222;Pan&#8220; zu reanimieren.<\/p>\n<p style=\"text-align: justify;\"><a href=\"https:\/\/i0.wp.com\/www.bdc-berlin.de\/cms\/wp-content\/uploads\/2012\/02\/Bild06.jpg\"><img data-recalc-dims=\"1\" loading=\"lazy\" decoding=\"async\" data-attachment-id=\"281\" data-permalink=\"http:\/\/www.bdc-berlin.de\/cms\/2007-weserbergland-5-jahre-bdc\/attachment-bild06\/\" data-orig-file=\"https:\/\/i0.wp.com\/www.bdc-berlin.de\/cms\/wp-content\/uploads\/2012\/02\/Bild06.jpg?fit=640%2C480\" data-orig-size=\"640,480\" data-comments-opened=\"1\" data-image-meta=\"{&quot;aperture&quot;:&quot;3.2&quot;,&quot;credit&quot;:&quot;&quot;,&quot;camera&quot;:&quot;Canon PowerShot A640&quot;,&quot;caption&quot;:&quot;&quot;,&quot;created_timestamp&quot;:&quot;1188591184&quot;,&quot;copyright&quot;:&quot;&quot;,&quot;focal_length&quot;:&quot;8.46&quot;,&quot;iso&quot;:&quot;0&quot;,&quot;shutter_speed&quot;:&quot;0.016666666666667&quot;,&quot;title&quot;:&quot;&quot;,&quot;orientation&quot;:&quot;0&quot;}\" data-image-title=\"Bild06\" data-image-description=\"\" data-image-caption=\"\" data-large-file=\"https:\/\/i0.wp.com\/www.bdc-berlin.de\/cms\/wp-content\/uploads\/2012\/02\/Bild06.jpg?fit=610%2C458\" class=\"alignleft size-thumbnail wp-image-281\" src=\"https:\/\/i0.wp.com\/www.bdc-berlin.de\/cms\/wp-content\/uploads\/2012\/02\/Bild06.jpg?resize=150%2C150\" alt=\"\" width=\"150\" height=\"150\" srcset=\"https:\/\/i0.wp.com\/www.bdc-berlin.de\/cms\/wp-content\/uploads\/2012\/02\/Bild06.jpg?resize=150%2C150 150w, https:\/\/i0.wp.com\/www.bdc-berlin.de\/cms\/wp-content\/uploads\/2012\/02\/Bild06.jpg?zoom=2&amp;resize=150%2C150 300w, https:\/\/i0.wp.com\/www.bdc-berlin.de\/cms\/wp-content\/uploads\/2012\/02\/Bild06.jpg?zoom=3&amp;resize=150%2C150 450w\" sizes=\"auto, (max-width: 150px) 100vw, 150px\" \/><\/a>W\u00e4hrend alle schon so am singen und schunkeln sind (mit einigen Auff\u00e4lligkeiten) treffen auch endlich Kerstin &amp; Andreas ein. Sie sind v\u00f6llig erledigt von der Fahrt im Regen und in der Dunkelheit, durchgefroren und feucht im Schuh und Schritt.<\/p>\n<h3 style=\"text-align: center;\">Der Abend sollte noch sehr lang werden\u2026<\/h3>\n<p><a href=\"https:\/\/i0.wp.com\/www.bdc-berlin.de\/cms\/wp-content\/uploads\/2012\/02\/Bild08.jpg\"><img data-recalc-dims=\"1\" loading=\"lazy\" decoding=\"async\" data-attachment-id=\"282\" data-permalink=\"http:\/\/www.bdc-berlin.de\/cms\/2007-weserbergland-5-jahre-bdc\/attachment-bild08\/\" data-orig-file=\"https:\/\/i0.wp.com\/www.bdc-berlin.de\/cms\/wp-content\/uploads\/2012\/02\/Bild08.jpg?fit=640%2C480\" data-orig-size=\"640,480\" data-comments-opened=\"1\" data-image-meta=\"{&quot;aperture&quot;:&quot;2.8&quot;,&quot;credit&quot;:&quot;&quot;,&quot;camera&quot;:&quot;Canon PowerShot A640&quot;,&quot;caption&quot;:&quot;&quot;,&quot;created_timestamp&quot;:&quot;1188600949&quot;,&quot;copyright&quot;:&quot;&quot;,&quot;focal_length&quot;:&quot;7.3&quot;,&quot;iso&quot;:&quot;0&quot;,&quot;shutter_speed&quot;:&quot;0.016666666666667&quot;,&quot;title&quot;:&quot;&quot;,&quot;orientation&quot;:&quot;0&quot;}\" data-image-title=\"Bild08\" data-image-description=\"\" data-image-caption=\"\" data-large-file=\"https:\/\/i0.wp.com\/www.bdc-berlin.de\/cms\/wp-content\/uploads\/2012\/02\/Bild08.jpg?fit=610%2C458\" class=\"aligncenter wp-image-282 size-medium\" style=\"border: 0px currentColor;\" src=\"https:\/\/i0.wp.com\/www.bdc-berlin.de\/cms\/wp-content\/uploads\/2012\/02\/Bild08.jpg?resize=300%2C225\" alt=\"\" width=\"300\" height=\"225\" border=\"0\" srcset=\"https:\/\/i0.wp.com\/www.bdc-berlin.de\/cms\/wp-content\/uploads\/2012\/02\/Bild08.jpg?resize=300%2C225 300w, https:\/\/i0.wp.com\/www.bdc-berlin.de\/cms\/wp-content\/uploads\/2012\/02\/Bild08.jpg?w=640 640w\" sizes=\"auto, (max-width: 300px) 100vw, 300px\" \/><\/a><\/p>\n<p><!--nextpage--><\/p>\n<h2>Samstag 1.9.2007<\/h2>\n<p style=\"text-align: justify;\"><a href=\"https:\/\/i0.wp.com\/www.bdc-berlin.de\/cms\/wp-content\/uploads\/2012\/02\/Bild09.jpg\"><img data-recalc-dims=\"1\" loading=\"lazy\" decoding=\"async\" data-attachment-id=\"283\" data-permalink=\"http:\/\/www.bdc-berlin.de\/cms\/2007-weserbergland-5-jahre-bdc\/attachment-bild09\/\" data-orig-file=\"https:\/\/i0.wp.com\/www.bdc-berlin.de\/cms\/wp-content\/uploads\/2012\/02\/Bild09.jpg?fit=640%2C480\" data-orig-size=\"640,480\" data-comments-opened=\"1\" data-image-meta=\"{&quot;aperture&quot;:&quot;0&quot;,&quot;credit&quot;:&quot;&quot;,&quot;camera&quot;:&quot;&quot;,&quot;caption&quot;:&quot;&quot;,&quot;created_timestamp&quot;:&quot;0&quot;,&quot;copyright&quot;:&quot;&quot;,&quot;focal_length&quot;:&quot;0&quot;,&quot;iso&quot;:&quot;0&quot;,&quot;shutter_speed&quot;:&quot;0&quot;,&quot;title&quot;:&quot;&quot;,&quot;orientation&quot;:&quot;0&quot;}\" data-image-title=\"Bild09\" data-image-description=\"\" data-image-caption=\"\" data-large-file=\"https:\/\/i0.wp.com\/www.bdc-berlin.de\/cms\/wp-content\/uploads\/2012\/02\/Bild09.jpg?fit=610%2C458\" class=\"alignleft size-thumbnail wp-image-283\" src=\"https:\/\/i0.wp.com\/www.bdc-berlin.de\/cms\/wp-content\/uploads\/2012\/02\/Bild09.jpg?resize=150%2C150\" alt=\"\" width=\"150\" height=\"150\" srcset=\"https:\/\/i0.wp.com\/www.bdc-berlin.de\/cms\/wp-content\/uploads\/2012\/02\/Bild09.jpg?resize=150%2C150 150w, https:\/\/i0.wp.com\/www.bdc-berlin.de\/cms\/wp-content\/uploads\/2012\/02\/Bild09.jpg?zoom=2&amp;resize=150%2C150 300w, https:\/\/i0.wp.com\/www.bdc-berlin.de\/cms\/wp-content\/uploads\/2012\/02\/Bild09.jpg?zoom=3&amp;resize=150%2C150 450w\" sizes=\"auto, (max-width: 150px) 100vw, 150px\" \/><\/a>Wabernd h\u00e4ngt dichter Nebel am Ufer der Weser als wir den ersten Blick aus dem Fenster werfen. Im Spiegelbild zur Einrichtung der Pension f\u00e4llt auch das Fr\u00fchst\u00fcck aus. Eine Scheibe Wurst, eine Scheibe K\u00e4se und abgez\u00e4hlte Br\u00f6tchen, das war es.<\/p>\n<p style=\"text-align: justify;\">So &#8222;reichhaltig&#8220; gest\u00e4rkt schwingen wir uns auf die Mopeds und fahren hin\u00fcber zum Treffpunkt den Supermarktparkplatz. Der Nebel hat sich inzwischen schon fast verzogen, aber des Wetter bleibt feucht und deshalb streifen sich die Meisten die &#8222;Regenpelle&#8220; \u00fcber. Der Start verz\u00f6gert sich noch, da sich Steffen in seine &#8222;Trumpf&#8220; vor der Tankstelle noch ein neues Muster in den Seitendeckel fahren musste. Nun versucht er auf die Schnelle den Blinker wieder an das Moped zu t\u00fctteln. Doch jetzt geht&#8217;s los und heute sind wir auch noch ein Paar mehr da uns Michas Bruder und seine Freunde begleiten. Das macht die Fahrt aber nicht leichter und fordert h\u00f6chste Aufmerksamkeit von allen Kradisten. Um allen Bikern sicher den Weg zu weisen sperren u. a. Michas Freund Markus und sein Neffe Tobias die Kreuzungen. Tobias f\u00e4hrt eine etwas untermotorisierte Suzuki GSX-R 1000 mit nicht einmal 180 Pferden. Das dieses schlappe Fahrrad mit Hilfsmotor trotzdem ausbricht muss wohl am winzigen 190er Pneu liegen das so viel Profil wie der Guido Westerwelle hat. Bei der nassen Fahrbahn habe ich ein besseres Gef\u00fchl von Klaudia \u00fcberholt zu werden. Nicht nur weil sie \u00fcbersichtlicher f\u00e4hrt, sondern weil sie im Notfall wie ich mit meiner Triumph auf ABS vertrauen kann. Ich kann nur jedem Biker empfehlen mal ein Motorrad mit ABS gerade auf nasser Fahrbahn Probe zu fahren und dann mal eine Vollbremsung einzuleiten. Eine Erfahrung die zum Kaufargument bei der n\u00e4chsten Maschine wird. Genug der Philosophie, konzentrieren wir uns weiter auf die Fahrt \u00fcber so wundersch\u00f6ne Orte mit klangvollen Namen wie W\u00fcrgassen, Lauenf\u00f6rde und Beverungen. Und warum hei\u00dft der letzte Ort so? Weil hier das Fl\u00fcsschen Bever neben unserer traumhaften Stra\u00dfe entlang flie\u00dft. Nee&#8230;, wir sind doch im Weserbergland und deshalb hei\u00dft das Fl\u00fc\u00dfchen &#8222;Weser&#8220;. \u00dcber kleinste Stra\u00dfen werden wir gef\u00fchrt, dies ist aber kein Nachteil, denn hier ist weniger Verkehr und man konzentriert sich aufs Wesentliche.<\/p>\n<p style=\"text-align: justify;\"><a href=\"https:\/\/i0.wp.com\/www.bdc-berlin.de\/cms\/wp-content\/uploads\/2012\/02\/Bild010.jpg\"><img data-recalc-dims=\"1\" loading=\"lazy\" decoding=\"async\" data-attachment-id=\"284\" data-permalink=\"http:\/\/www.bdc-berlin.de\/cms\/2007-weserbergland-5-jahre-bdc\/attachment-bild010\/\" data-orig-file=\"https:\/\/i0.wp.com\/www.bdc-berlin.de\/cms\/wp-content\/uploads\/2012\/02\/Bild010.jpg?fit=640%2C462\" data-orig-size=\"640,462\" data-comments-opened=\"1\" data-image-meta=\"{&quot;aperture&quot;:&quot;3.5&quot;,&quot;credit&quot;:&quot;&quot;,&quot;camera&quot;:&quot;Canon PowerShot A640&quot;,&quot;caption&quot;:&quot;&quot;,&quot;created_timestamp&quot;:&quot;1188643947&quot;,&quot;copyright&quot;:&quot;&quot;,&quot;focal_length&quot;:&quot;21.709&quot;,&quot;iso&quot;:&quot;0&quot;,&quot;shutter_speed&quot;:&quot;0.00625&quot;,&quot;title&quot;:&quot;&quot;,&quot;orientation&quot;:&quot;0&quot;}\" data-image-title=\"Bild010\" data-image-description=\"\" data-image-caption=\"\" data-large-file=\"https:\/\/i0.wp.com\/www.bdc-berlin.de\/cms\/wp-content\/uploads\/2012\/02\/Bild010.jpg?fit=610%2C440\" class=\"alignright size-thumbnail wp-image-284\" src=\"https:\/\/i0.wp.com\/www.bdc-berlin.de\/cms\/wp-content\/uploads\/2012\/02\/Bild010.jpg?resize=150%2C150\" alt=\"\" width=\"150\" height=\"150\" srcset=\"https:\/\/i0.wp.com\/www.bdc-berlin.de\/cms\/wp-content\/uploads\/2012\/02\/Bild010.jpg?resize=150%2C150 150w, https:\/\/i0.wp.com\/www.bdc-berlin.de\/cms\/wp-content\/uploads\/2012\/02\/Bild010.jpg?zoom=2&amp;resize=150%2C150 300w, https:\/\/i0.wp.com\/www.bdc-berlin.de\/cms\/wp-content\/uploads\/2012\/02\/Bild010.jpg?zoom=3&amp;resize=150%2C150 450w\" sizes=\"auto, (max-width: 150px) 100vw, 150px\" \/><\/a>Nach knapp 50 km ist es mit Konzentration wohl schon vor\u00fcber. Wir erreichen gerade Buke und rollen an die rot werdende Ampel heran. Von rechts kommt schwungvoll ein Postbote mit seiner Kutsche die Einfahrt herunter und bleibt auch stehen als er uns sieht, doch zwei, drei Harzer Freunde halten Blickkontakt mit den Postboten und sehen nicht das der Vordermann schon angehalten hat.<\/p>\n<p style=\"text-align: justify;\">&#8222;Krawumm&#8220;, schon hat die Goldwing-Trike die Transalp von Michas Bruder Gernot begraben. Gernot kann sich mit einem gekonnten Sprung auf die Seite retten und bleibt &#8222;Gott sei dank&#8220; unverletzt. Jetzt bricht Unruhe in der Gruppe aus. Die Einen helfen Mensch und Maschine auf, die Andern stoppen die voraus fahrenden Touren- Scouts. Kurze Zigarettenpause um den Schreck zu verarbeiten. Aber eins ist klar: &#8222;Schuld hatte der Postkutscher!&#8220; Bis zur geplanten Pause war es gar nicht mehr weit und so geht es auch gleich weiter. In der Ortseinfahrt Altenbeken formt sich Michas Freund Markus die Halbschale seiner Bandit um, aber auch ihm passiert nichts. Nur warum opfert er immer wenn wir ihn besuchen kommen sein Moped?<\/p>\n<p style=\"text-align: justify;\"><a href=\"https:\/\/i0.wp.com\/www.bdc-berlin.de\/cms\/wp-content\/uploads\/2012\/02\/Bild011.jpg\"><img data-recalc-dims=\"1\" loading=\"lazy\" decoding=\"async\" data-attachment-id=\"285\" data-permalink=\"http:\/\/www.bdc-berlin.de\/cms\/2007-weserbergland-5-jahre-bdc\/attachment-bild011\/\" data-orig-file=\"https:\/\/i0.wp.com\/www.bdc-berlin.de\/cms\/wp-content\/uploads\/2012\/02\/Bild011.jpg?fit=640%2C480\" data-orig-size=\"640,480\" data-comments-opened=\"1\" data-image-meta=\"{&quot;aperture&quot;:&quot;0&quot;,&quot;credit&quot;:&quot;&quot;,&quot;camera&quot;:&quot;&quot;,&quot;caption&quot;:&quot;&quot;,&quot;created_timestamp&quot;:&quot;0&quot;,&quot;copyright&quot;:&quot;&quot;,&quot;focal_length&quot;:&quot;0&quot;,&quot;iso&quot;:&quot;0&quot;,&quot;shutter_speed&quot;:&quot;0&quot;,&quot;title&quot;:&quot;&quot;,&quot;orientation&quot;:&quot;0&quot;}\" data-image-title=\"Bild011\" data-image-description=\"\" data-image-caption=\"\" data-large-file=\"https:\/\/i0.wp.com\/www.bdc-berlin.de\/cms\/wp-content\/uploads\/2012\/02\/Bild011.jpg?fit=610%2C458\" class=\"alignleft size-thumbnail wp-image-285\" src=\"https:\/\/i0.wp.com\/www.bdc-berlin.de\/cms\/wp-content\/uploads\/2012\/02\/Bild011.jpg?resize=150%2C150\" alt=\"\" width=\"150\" height=\"150\" srcset=\"https:\/\/i0.wp.com\/www.bdc-berlin.de\/cms\/wp-content\/uploads\/2012\/02\/Bild011.jpg?resize=150%2C150 150w, https:\/\/i0.wp.com\/www.bdc-berlin.de\/cms\/wp-content\/uploads\/2012\/02\/Bild011.jpg?zoom=2&amp;resize=150%2C150 300w, https:\/\/i0.wp.com\/www.bdc-berlin.de\/cms\/wp-content\/uploads\/2012\/02\/Bild011.jpg?zoom=3&amp;resize=150%2C150 450w\" sizes=\"auto, (max-width: 150px) 100vw, 150px\" \/><\/a>Ist das hier Sitte oder ein Ritual ein Moped zum Empfang der G\u00e4ste in den Dreck zu werfen? Am Viadukt ist dann wirklich Pause, die Mopeds werden auf Seiten- und Hauptst\u00e4ndern abgestellt, nicht auf die Seiten geschmissen. Auf dem Parkplatz warten belegte Br\u00f6tchen und Kaffee auf uns, auch das von Peggy und Micha vorbereitet.<\/p>\n<p style=\"text-align: justify;\">F\u00fcr die Meisten war die Pause bitter n\u00f6tig, doch ich f\u00fchl mich in so einer gro\u00dfen Gruppe immer ein bisschen eingeengt und ben\u00f6tige noch ein paar Minuten allein mit dem Motorrad und der sch\u00f6nen Umgebung. Schnell noch getankt und mit Vollgas geht es vorbei am Parkplatz in die Kurven der unmittelbaren Umgebung. Doch irgendwie macht das nicht so richtig Freude, da die Stra\u00dfe zu nass ist um sich in den Kurven die Fu\u00dfrasten zu k\u00fcrzen.<\/p>\n<p style=\"text-align: justify;\"><a href=\"https:\/\/i0.wp.com\/www.bdc-berlin.de\/cms\/wp-content\/uploads\/2012\/02\/Bild012.jpg\"><img data-recalc-dims=\"1\" loading=\"lazy\" decoding=\"async\" data-attachment-id=\"286\" data-permalink=\"http:\/\/www.bdc-berlin.de\/cms\/2007-weserbergland-5-jahre-bdc\/attachment-bild012\/\" data-orig-file=\"https:\/\/i0.wp.com\/www.bdc-berlin.de\/cms\/wp-content\/uploads\/2012\/02\/Bild012.jpg?fit=596%2C480\" data-orig-size=\"596,480\" data-comments-opened=\"1\" data-image-meta=\"{&quot;aperture&quot;:&quot;3.2&quot;,&quot;credit&quot;:&quot;&quot;,&quot;camera&quot;:&quot;Canon PowerShot A640&quot;,&quot;caption&quot;:&quot;&quot;,&quot;created_timestamp&quot;:&quot;1188650635&quot;,&quot;copyright&quot;:&quot;&quot;,&quot;focal_length&quot;:&quot;10.835&quot;,&quot;iso&quot;:&quot;0&quot;,&quot;shutter_speed&quot;:&quot;0.0125&quot;,&quot;title&quot;:&quot;&quot;,&quot;orientation&quot;:&quot;0&quot;}\" data-image-title=\"Bild012\" data-image-description=\"\" data-image-caption=\"\" data-large-file=\"https:\/\/i0.wp.com\/www.bdc-berlin.de\/cms\/wp-content\/uploads\/2012\/02\/Bild012.jpg?fit=596%2C480\" class=\"alignright size-thumbnail wp-image-286\" src=\"https:\/\/i0.wp.com\/www.bdc-berlin.de\/cms\/wp-content\/uploads\/2012\/02\/Bild012.jpg?resize=150%2C150\" alt=\"\" width=\"150\" height=\"150\" srcset=\"https:\/\/i0.wp.com\/www.bdc-berlin.de\/cms\/wp-content\/uploads\/2012\/02\/Bild012.jpg?resize=150%2C150 150w, https:\/\/i0.wp.com\/www.bdc-berlin.de\/cms\/wp-content\/uploads\/2012\/02\/Bild012.jpg?zoom=2&amp;resize=150%2C150 300w, https:\/\/i0.wp.com\/www.bdc-berlin.de\/cms\/wp-content\/uploads\/2012\/02\/Bild012.jpg?zoom=3&amp;resize=150%2C150 450w\" sizes=\"auto, (max-width: 150px) 100vw, 150px\" \/><\/a>Zur\u00fcck am Parkplatz kribbelt es auch Klaudia in den Fingern mal die GSX-R 1000 von Tobi Probe zu fahren. Der willigt auch ein und schon fliegt eine Suzi mit blonder M\u00e4hne an uns vorbei, f\u00e4hrt Landstra\u00dfen rauf und runter. Sichtlich beeindruckt von diesem H\u00f6llenbike und mit weichen Knien kehrt Klaudia auf den &#8222;Bikers-Point&#8220; zur\u00fcck.<\/p>\n<p style=\"text-align: justify;\"><a href=\"https:\/\/i0.wp.com\/www.bdc-berlin.de\/cms\/wp-content\/uploads\/2012\/02\/Bild013.jpg\"><img data-recalc-dims=\"1\" loading=\"lazy\" decoding=\"async\" data-attachment-id=\"287\" data-permalink=\"http:\/\/www.bdc-berlin.de\/cms\/2007-weserbergland-5-jahre-bdc\/attachment-bild013\/\" data-orig-file=\"https:\/\/i0.wp.com\/www.bdc-berlin.de\/cms\/wp-content\/uploads\/2012\/02\/Bild013.jpg?fit=480%2C634\" data-orig-size=\"480,634\" data-comments-opened=\"1\" data-image-meta=\"{&quot;aperture&quot;:&quot;0&quot;,&quot;credit&quot;:&quot;&quot;,&quot;camera&quot;:&quot;&quot;,&quot;caption&quot;:&quot;&quot;,&quot;created_timestamp&quot;:&quot;0&quot;,&quot;copyright&quot;:&quot;&quot;,&quot;focal_length&quot;:&quot;0&quot;,&quot;iso&quot;:&quot;0&quot;,&quot;shutter_speed&quot;:&quot;0&quot;,&quot;title&quot;:&quot;&quot;,&quot;orientation&quot;:&quot;0&quot;}\" data-image-title=\"Bild013\" data-image-description=\"\" data-image-caption=\"\" data-large-file=\"https:\/\/i0.wp.com\/www.bdc-berlin.de\/cms\/wp-content\/uploads\/2012\/02\/Bild013.jpg?fit=480%2C634\" class=\"alignleft size-thumbnail wp-image-287\" src=\"https:\/\/i0.wp.com\/www.bdc-berlin.de\/cms\/wp-content\/uploads\/2012\/02\/Bild013.jpg?resize=150%2C150\" alt=\"\" width=\"150\" height=\"150\" srcset=\"https:\/\/i0.wp.com\/www.bdc-berlin.de\/cms\/wp-content\/uploads\/2012\/02\/Bild013.jpg?resize=150%2C150 150w, https:\/\/i0.wp.com\/www.bdc-berlin.de\/cms\/wp-content\/uploads\/2012\/02\/Bild013.jpg?zoom=2&amp;resize=150%2C150 300w, https:\/\/i0.wp.com\/www.bdc-berlin.de\/cms\/wp-content\/uploads\/2012\/02\/Bild013.jpg?zoom=3&amp;resize=150%2C150 450w\" sizes=\"auto, (max-width: 150px) 100vw, 150px\" \/><\/a>Inzwischen wird die geopferte Bandit von Markus auf einen Autoanh\u00e4nger zum Abtransport geladen. Schnell schnappe ich mir noch ein belegtes Br\u00f6tchen bevor ich mit Torsten f\u00fcr ein Actionfoto zur\u00fcck nach Altenbeken fahre. Dort steht eine alte Dampflok die zum Gruppenfoto einl\u00e4dt. Torsten baut seine Kamera auf und wartet auf das Verfolgerfeld. Gespannt hockt er hinter seiner Fotomaschine als sich Motorger\u00e4usche n\u00e4hern. Doch an diesem Tag ist einfach mal der Wurm drin. Statt vor das Objektiv zu fahren bleiben die Jungs und M\u00e4dels viel zu fr\u00fch stehen oder fahren ganz vorbei.<\/p>\n<p style=\"text-align: justify;\"><a href=\"https:\/\/i0.wp.com\/www.bdc-berlin.de\/cms\/wp-content\/uploads\/2012\/02\/Bild014.jpg\"><img data-recalc-dims=\"1\" loading=\"lazy\" decoding=\"async\" data-attachment-id=\"288\" data-permalink=\"http:\/\/www.bdc-berlin.de\/cms\/2007-weserbergland-5-jahre-bdc\/attachment-bild014\/\" data-orig-file=\"https:\/\/i0.wp.com\/www.bdc-berlin.de\/cms\/wp-content\/uploads\/2012\/02\/Bild014.jpg?fit=480%2C640\" data-orig-size=\"480,640\" data-comments-opened=\"1\" data-image-meta=\"{&quot;aperture&quot;:&quot;0&quot;,&quot;credit&quot;:&quot;&quot;,&quot;camera&quot;:&quot;&quot;,&quot;caption&quot;:&quot;&quot;,&quot;created_timestamp&quot;:&quot;0&quot;,&quot;copyright&quot;:&quot;&quot;,&quot;focal_length&quot;:&quot;0&quot;,&quot;iso&quot;:&quot;0&quot;,&quot;shutter_speed&quot;:&quot;0&quot;,&quot;title&quot;:&quot;&quot;,&quot;orientation&quot;:&quot;0&quot;}\" data-image-title=\"Bild014\" data-image-description=\"\" data-image-caption=\"\" data-large-file=\"https:\/\/i0.wp.com\/www.bdc-berlin.de\/cms\/wp-content\/uploads\/2012\/02\/Bild014.jpg?fit=480%2C640\" class=\"alignright size-thumbnail wp-image-288\" src=\"https:\/\/i0.wp.com\/www.bdc-berlin.de\/cms\/wp-content\/uploads\/2012\/02\/Bild014.jpg?resize=150%2C150\" alt=\"\" width=\"150\" height=\"150\" srcset=\"https:\/\/i0.wp.com\/www.bdc-berlin.de\/cms\/wp-content\/uploads\/2012\/02\/Bild014.jpg?resize=150%2C150 150w, https:\/\/i0.wp.com\/www.bdc-berlin.de\/cms\/wp-content\/uploads\/2012\/02\/Bild014.jpg?zoom=2&amp;resize=150%2C150 300w, https:\/\/i0.wp.com\/www.bdc-berlin.de\/cms\/wp-content\/uploads\/2012\/02\/Bild014.jpg?zoom=3&amp;resize=150%2C150 450w\" sizes=\"auto, (max-width: 150px) 100vw, 150px\" \/><\/a>Pechstr\u00e4hne hin oder her, nun aber das Foto an der Dampflokomotive klappt und unser Harzer Freund Markus posiert auch noch einmal extra und ganz alleine vor der Dampflok. Sieht auch nicht schlecht aus, haben die Lok und Markus etwa die gleiche Gr\u00f6\u00dfe. Verlassen wir Altenbeken und damit den kleinen Streifschuss am Naturpark Eggegebirge und s\u00fcdlichen Teutoburger Wald. \u00dcber Langeland, Merlsheim geht es Richtung Dunkelheit. Nicht weil es schon so sp\u00e4t ist, sondern weil Petrus es so will.<\/p>\n<p style=\"text-align: justify;\"><a href=\"https:\/\/i0.wp.com\/www.bdc-berlin.de\/cms\/wp-content\/uploads\/2012\/02\/Bild015.jpg\"><img data-recalc-dims=\"1\" loading=\"lazy\" decoding=\"async\" data-attachment-id=\"289\" data-permalink=\"http:\/\/www.bdc-berlin.de\/cms\/2007-weserbergland-5-jahre-bdc\/attachment-bild015\/\" data-orig-file=\"https:\/\/i0.wp.com\/www.bdc-berlin.de\/cms\/wp-content\/uploads\/2012\/02\/Bild015.jpg?fit=640%2C480\" data-orig-size=\"640,480\" data-comments-opened=\"1\" data-image-meta=\"{&quot;aperture&quot;:&quot;3.5&quot;,&quot;credit&quot;:&quot;&quot;,&quot;camera&quot;:&quot;Canon PowerShot A640&quot;,&quot;caption&quot;:&quot;&quot;,&quot;created_timestamp&quot;:&quot;1188652215&quot;,&quot;copyright&quot;:&quot;&quot;,&quot;focal_length&quot;:&quot;7.3&quot;,&quot;iso&quot;:&quot;0&quot;,&quot;shutter_speed&quot;:&quot;0.016666666666667&quot;,&quot;title&quot;:&quot;&quot;,&quot;orientation&quot;:&quot;0&quot;}\" data-image-title=\"Bild015\" data-image-description=\"\" data-image-caption=\"\" data-large-file=\"https:\/\/i0.wp.com\/www.bdc-berlin.de\/cms\/wp-content\/uploads\/2012\/02\/Bild015.jpg?fit=610%2C458\" class=\"alignleft size-thumbnail wp-image-289\" src=\"https:\/\/i0.wp.com\/www.bdc-berlin.de\/cms\/wp-content\/uploads\/2012\/02\/Bild015.jpg?resize=150%2C150\" alt=\"\" width=\"150\" height=\"150\" srcset=\"https:\/\/i0.wp.com\/www.bdc-berlin.de\/cms\/wp-content\/uploads\/2012\/02\/Bild015.jpg?resize=150%2C150 150w, https:\/\/i0.wp.com\/www.bdc-berlin.de\/cms\/wp-content\/uploads\/2012\/02\/Bild015.jpg?zoom=2&amp;resize=150%2C150 300w, https:\/\/i0.wp.com\/www.bdc-berlin.de\/cms\/wp-content\/uploads\/2012\/02\/Bild015.jpg?zoom=3&amp;resize=150%2C150 450w\" sizes=\"auto, (max-width: 150px) 100vw, 150px\" \/><\/a>In Marienm\u00fcnster ist dann alles vorbei, nun gie\u00dft es in Str\u00f6men. Zeit die Grund- und Hauptschule zu besuchen. Nein, nicht um auf die schnelle noch den Schulabschluss zu machen, dass ist eh zu sp\u00e4t, sondern um sich unter dem Vordach der Schule vor dem K\u00fcbelregen zu sch\u00fctzen. W\u00e4hrend die Handschuhe am warmen Motor trocknen wird allen klar heute geht es einfach nicht weiter.<\/p>\n<p>Auch wenn der Regen inzwischen etwas w\u00e4rmer geworden ist m\u00fcssen wir uns das nicht weiter antun und brechen die Tour ab und treten den R\u00fcckweg nach Bad Karlshafen an.<\/p>\n<p style=\"text-align: justify;\"><img data-recalc-dims=\"1\" loading=\"lazy\" decoding=\"async\" data-attachment-id=\"291\" data-permalink=\"http:\/\/www.bdc-berlin.de\/cms\/2007-weserbergland-5-jahre-bdc\/attachment-bild016\/\" data-orig-file=\"https:\/\/i0.wp.com\/www.bdc-berlin.de\/cms\/wp-content\/uploads\/2012\/02\/Bild016.jpg?fit=638%2C480\" data-orig-size=\"638,480\" data-comments-opened=\"1\" data-image-meta=\"{&quot;aperture&quot;:&quot;3.2&quot;,&quot;credit&quot;:&quot;&quot;,&quot;camera&quot;:&quot;Canon PowerShot A640&quot;,&quot;caption&quot;:&quot;&quot;,&quot;created_timestamp&quot;:&quot;1188656686&quot;,&quot;copyright&quot;:&quot;&quot;,&quot;focal_length&quot;:&quot;9.565&quot;,&quot;iso&quot;:&quot;0&quot;,&quot;shutter_speed&quot;:&quot;0.0125&quot;,&quot;title&quot;:&quot;&quot;,&quot;orientation&quot;:&quot;0&quot;}\" data-image-title=\"Bild016\" data-image-description=\"\" data-image-caption=\"\" data-large-file=\"https:\/\/i0.wp.com\/www.bdc-berlin.de\/cms\/wp-content\/uploads\/2012\/02\/Bild016.jpg?fit=610%2C459\" class=\"aligncenter wp-image-291 size-full\" style=\"border: 0px currentColor;\" src=\"https:\/\/i0.wp.com\/www.bdc-berlin.de\/cms\/wp-content\/uploads\/2012\/02\/Bild016.jpg?resize=610%2C459\" alt=\"\" width=\"610\" height=\"459\" border=\"0\" srcset=\"https:\/\/i0.wp.com\/www.bdc-berlin.de\/cms\/wp-content\/uploads\/2012\/02\/Bild016.jpg?w=638 638w, https:\/\/i0.wp.com\/www.bdc-berlin.de\/cms\/wp-content\/uploads\/2012\/02\/Bild016.jpg?resize=300%2C226 300w\" sizes=\"auto, (max-width: 610px) 100vw, 610px\" \/><br \/>\n<a href=\"https:\/\/i0.wp.com\/www.bdc-berlin.de\/cms\/wp-content\/uploads\/2012\/02\/Bild017.jpg\"><img data-recalc-dims=\"1\" loading=\"lazy\" decoding=\"async\" data-attachment-id=\"292\" data-permalink=\"http:\/\/www.bdc-berlin.de\/cms\/2007-weserbergland-5-jahre-bdc\/attachment-bild017\/\" data-orig-file=\"https:\/\/i0.wp.com\/www.bdc-berlin.de\/cms\/wp-content\/uploads\/2012\/02\/Bild017.jpg?fit=638%2C480\" data-orig-size=\"638,480\" data-comments-opened=\"1\" data-image-meta=\"{&quot;aperture&quot;:&quot;3.5&quot;,&quot;credit&quot;:&quot;&quot;,&quot;camera&quot;:&quot;Canon PowerShot A640&quot;,&quot;caption&quot;:&quot;&quot;,&quot;created_timestamp&quot;:&quot;1188665250&quot;,&quot;copyright&quot;:&quot;&quot;,&quot;focal_length&quot;:&quot;7.3&quot;,&quot;iso&quot;:&quot;0&quot;,&quot;shutter_speed&quot;:&quot;0.016666666666667&quot;,&quot;title&quot;:&quot;&quot;,&quot;orientation&quot;:&quot;0&quot;}\" data-image-title=\"Bild017\" data-image-description=\"\" data-image-caption=\"\" data-large-file=\"https:\/\/i0.wp.com\/www.bdc-berlin.de\/cms\/wp-content\/uploads\/2012\/02\/Bild017.jpg?fit=610%2C459\" class=\"alignright size-thumbnail wp-image-292\" src=\"https:\/\/i0.wp.com\/www.bdc-berlin.de\/cms\/wp-content\/uploads\/2012\/02\/Bild017.jpg?resize=150%2C150\" alt=\"\" width=\"150\" height=\"150\" srcset=\"https:\/\/i0.wp.com\/www.bdc-berlin.de\/cms\/wp-content\/uploads\/2012\/02\/Bild017.jpg?resize=150%2C150 150w, https:\/\/i0.wp.com\/www.bdc-berlin.de\/cms\/wp-content\/uploads\/2012\/02\/Bild017.jpg?zoom=2&amp;resize=150%2C150 300w, https:\/\/i0.wp.com\/www.bdc-berlin.de\/cms\/wp-content\/uploads\/2012\/02\/Bild017.jpg?zoom=3&amp;resize=150%2C150 450w\" sizes=\"auto, (max-width: 150px) 100vw, 150px\" \/><\/a>In der Pension haben wir uns frisch gemacht und sind stadtfein. Torsten ist schon mit Micha und Peggy los um die Party f\u00fcr den Abend vorzubereiten. Da noch Zeit ist gehen Ramona, Kathi und ich noch einen Kaffee beim Italiener mit Ausblick auf die Weser schl\u00fcrfen. Der will aber nicht so recht schmecken und ich gestehe es dem Kellner, da meine Tasse nicht leer geworden ist. Auch ein zweiter Versuch mit neuer Milch kann mich nicht \u00fcberzeugen.<\/p>\n<p style=\"text-align: justify;\"><a href=\"https:\/\/i0.wp.com\/www.bdc-berlin.de\/cms\/wp-content\/uploads\/2012\/02\/Bild018.jpg\"><img data-recalc-dims=\"1\" loading=\"lazy\" decoding=\"async\" data-attachment-id=\"293\" data-permalink=\"http:\/\/www.bdc-berlin.de\/cms\/2007-weserbergland-5-jahre-bdc\/attachment-bild018\/\" data-orig-file=\"https:\/\/i0.wp.com\/www.bdc-berlin.de\/cms\/wp-content\/uploads\/2012\/02\/Bild018.jpg?fit=427%2C640\" data-orig-size=\"427,640\" data-comments-opened=\"1\" data-image-meta=\"{&quot;aperture&quot;:&quot;0&quot;,&quot;credit&quot;:&quot;&quot;,&quot;camera&quot;:&quot;&quot;,&quot;caption&quot;:&quot;&quot;,&quot;created_timestamp&quot;:&quot;0&quot;,&quot;copyright&quot;:&quot;&quot;,&quot;focal_length&quot;:&quot;0&quot;,&quot;iso&quot;:&quot;0&quot;,&quot;shutter_speed&quot;:&quot;0&quot;,&quot;title&quot;:&quot;&quot;,&quot;orientation&quot;:&quot;0&quot;}\" data-image-title=\"Bild018\" data-image-description=\"\" data-image-caption=\"\" data-large-file=\"https:\/\/i0.wp.com\/www.bdc-berlin.de\/cms\/wp-content\/uploads\/2012\/02\/Bild018.jpg?fit=427%2C640\" class=\"alignleft size-thumbnail wp-image-293\" src=\"https:\/\/i0.wp.com\/www.bdc-berlin.de\/cms\/wp-content\/uploads\/2012\/02\/Bild018.jpg?resize=150%2C150\" alt=\"\" width=\"150\" height=\"150\" srcset=\"https:\/\/i0.wp.com\/www.bdc-berlin.de\/cms\/wp-content\/uploads\/2012\/02\/Bild018.jpg?resize=150%2C150 150w, https:\/\/i0.wp.com\/www.bdc-berlin.de\/cms\/wp-content\/uploads\/2012\/02\/Bild018.jpg?zoom=2&amp;resize=150%2C150 300w\" sizes=\"auto, (max-width: 150px) 100vw, 150px\" \/><\/a>Am alten Hafen treffen wir zur verabredeten Zeit alle anderen Biker wieder. Da alle schon ganz aufgeregt sind machen wir uns gleich auf dem Weg zur alten Turnhalle wo heute die Party steigen soll. Nach kurzem Fu\u00dfmarsch angekommen empf\u00e4ngt uns Torsten und bittet noch um etwas Geduld um die letzen Vorbereitungen abzuschlie\u00dfen. So bleibt Zeit im Gespr\u00e4ch den Tag Revue passieren zu lassen, und den Sonnenuntergang zu genie\u00dfen.<\/p>\n<p style=\"text-align: justify;\"><a href=\"https:\/\/i0.wp.com\/www.bdc-berlin.de\/cms\/wp-content\/uploads\/2012\/02\/Bild019.jpg\"><img data-recalc-dims=\"1\" loading=\"lazy\" decoding=\"async\" data-attachment-id=\"294\" data-permalink=\"http:\/\/www.bdc-berlin.de\/cms\/2007-weserbergland-5-jahre-bdc\/attachment-bild019\/\" data-orig-file=\"https:\/\/i0.wp.com\/www.bdc-berlin.de\/cms\/wp-content\/uploads\/2012\/02\/Bild019.jpg?fit=402%2C640\" data-orig-size=\"402,640\" data-comments-opened=\"1\" data-image-meta=\"{&quot;aperture&quot;:&quot;0&quot;,&quot;credit&quot;:&quot;&quot;,&quot;camera&quot;:&quot;&quot;,&quot;caption&quot;:&quot;&quot;,&quot;created_timestamp&quot;:&quot;0&quot;,&quot;copyright&quot;:&quot;&quot;,&quot;focal_length&quot;:&quot;0&quot;,&quot;iso&quot;:&quot;0&quot;,&quot;shutter_speed&quot;:&quot;0&quot;,&quot;title&quot;:&quot;&quot;,&quot;orientation&quot;:&quot;0&quot;}\" data-image-title=\"Bild019\" data-image-description=\"\" data-image-caption=\"\" data-large-file=\"https:\/\/i0.wp.com\/www.bdc-berlin.de\/cms\/wp-content\/uploads\/2012\/02\/Bild019.jpg?fit=402%2C640\" class=\"alignright size-thumbnail wp-image-294\" src=\"https:\/\/i0.wp.com\/www.bdc-berlin.de\/cms\/wp-content\/uploads\/2012\/02\/Bild019.jpg?resize=150%2C150\" alt=\"\" width=\"150\" height=\"150\" srcset=\"https:\/\/i0.wp.com\/www.bdc-berlin.de\/cms\/wp-content\/uploads\/2012\/02\/Bild019.jpg?resize=150%2C150 150w, https:\/\/i0.wp.com\/www.bdc-berlin.de\/cms\/wp-content\/uploads\/2012\/02\/Bild019.jpg?zoom=2&amp;resize=150%2C150 300w\" sizes=\"auto, (max-width: 150px) 100vw, 150px\" \/><\/a>Endlich ist es so weit, wir d\u00fcrfen die liebevoll vorbereitete Halle betreten. Als der letzte Platz genommen hat beginnt Klaudia mit der Er\u00f6ffnungsrede, bedangt sich im Namen aller Krodo- Biker mit einer Kaffeetasse f\u00fcr alle Berliner BDC- Biker, die wurde mit dem Logo beider Stammtische extra gefertigt.<\/p>\n<p style=\"text-align: justify;\"><a href=\"https:\/\/i0.wp.com\/www.bdc-berlin.de\/cms\/wp-content\/uploads\/2012\/02\/Bild020.jpg\"><img data-recalc-dims=\"1\" loading=\"lazy\" decoding=\"async\" data-attachment-id=\"295\" data-permalink=\"http:\/\/www.bdc-berlin.de\/cms\/2007-weserbergland-5-jahre-bdc\/attachment-bild020\/\" data-orig-file=\"https:\/\/i0.wp.com\/www.bdc-berlin.de\/cms\/wp-content\/uploads\/2012\/02\/Bild020.jpg?fit=640%2C426\" data-orig-size=\"640,426\" data-comments-opened=\"1\" data-image-meta=\"{&quot;aperture&quot;:&quot;0&quot;,&quot;credit&quot;:&quot;&quot;,&quot;camera&quot;:&quot;&quot;,&quot;caption&quot;:&quot;&quot;,&quot;created_timestamp&quot;:&quot;0&quot;,&quot;copyright&quot;:&quot;&quot;,&quot;focal_length&quot;:&quot;0&quot;,&quot;iso&quot;:&quot;0&quot;,&quot;shutter_speed&quot;:&quot;0&quot;,&quot;title&quot;:&quot;&quot;,&quot;orientation&quot;:&quot;0&quot;}\" data-image-title=\"Bild020\" data-image-description=\"\" data-image-caption=\"\" data-large-file=\"https:\/\/i0.wp.com\/www.bdc-berlin.de\/cms\/wp-content\/uploads\/2012\/02\/Bild020.jpg?fit=610%2C406\" class=\"alignleft size-thumbnail wp-image-295\" src=\"https:\/\/i0.wp.com\/www.bdc-berlin.de\/cms\/wp-content\/uploads\/2012\/02\/Bild020.jpg?resize=150%2C150\" alt=\"\" width=\"150\" height=\"150\" srcset=\"https:\/\/i0.wp.com\/www.bdc-berlin.de\/cms\/wp-content\/uploads\/2012\/02\/Bild020.jpg?resize=150%2C150 150w, https:\/\/i0.wp.com\/www.bdc-berlin.de\/cms\/wp-content\/uploads\/2012\/02\/Bild020.jpg?zoom=2&amp;resize=150%2C150 300w, https:\/\/i0.wp.com\/www.bdc-berlin.de\/cms\/wp-content\/uploads\/2012\/02\/Bild020.jpg?zoom=3&amp;resize=150%2C150 450w\" sizes=\"auto, (max-width: 150px) 100vw, 150px\" \/><\/a>Die n\u00e4chsten Minuten werden sehr ergreifend, dass ist zu sp\u00fcren als Andres das Wort \u00fcbernimmt. Er bedankt sich bei den Krodos f\u00fcr das tolle Geschenk und das sie so zahlreich erschienen sind. Viele sch\u00f6ne Erinnerungen an sch\u00f6ne Touren und mehr um-malt Andreas mit zittriger Stimme. R\u00fchrungen die nicht nur Andreas ein Tr\u00e4nchen verdr\u00fccken l\u00e4sst. Er versucht keinen in seiner Rede zu vergessen, auch die heute leider nicht Anwesenden, wie z.B. Sabine oder Herkules. Die einen bereicherten mit Ideen, die anderen nicht Aktionen jede Tour f\u00fcr sich. Jeder hat seinen nicht unerheblichen Teil zu dieser 5 j\u00e4hrigen Geschichte beigetragen und ist Teil der Geschichte. Und wie sollte Andreas seine Rede beenden als mit den Worten: &#8222;Es war mir eine Ehre mit euch fahren zu d\u00fcrfen!&#8220; Nun ist Torsten an der Reihe. Fast unerwartet entpuppt er sich als gro\u00dfer Showmaster und belustigt die Menge mit selbstironischen Spr\u00fcchen und \u00dcberraschungen.<\/p>\n<p style=\"text-align: justify;\"><a href=\"https:\/\/i0.wp.com\/www.bdc-berlin.de\/cms\/wp-content\/uploads\/2012\/02\/Bild20Pokal.jpg\"><img data-recalc-dims=\"1\" loading=\"lazy\" decoding=\"async\" data-attachment-id=\"296\" data-permalink=\"http:\/\/www.bdc-berlin.de\/cms\/2007-weserbergland-5-jahre-bdc\/attachment-bild20pokal\/\" data-orig-file=\"https:\/\/i0.wp.com\/www.bdc-berlin.de\/cms\/wp-content\/uploads\/2012\/02\/Bild20Pokal.jpg?fit=280%2C640\" data-orig-size=\"280,640\" data-comments-opened=\"1\" data-image-meta=\"{&quot;aperture&quot;:&quot;0&quot;,&quot;credit&quot;:&quot;&quot;,&quot;camera&quot;:&quot;&quot;,&quot;caption&quot;:&quot;&quot;,&quot;created_timestamp&quot;:&quot;0&quot;,&quot;copyright&quot;:&quot;&quot;,&quot;focal_length&quot;:&quot;0&quot;,&quot;iso&quot;:&quot;0&quot;,&quot;shutter_speed&quot;:&quot;0&quot;,&quot;title&quot;:&quot;&quot;,&quot;orientation&quot;:&quot;0&quot;}\" data-image-title=\"Bild20Pokal\" data-image-description=\"\" data-image-caption=\"\" data-large-file=\"https:\/\/i0.wp.com\/www.bdc-berlin.de\/cms\/wp-content\/uploads\/2012\/02\/Bild20Pokal.jpg?fit=280%2C640\" class=\"alignright size-thumbnail wp-image-296\" src=\"https:\/\/i0.wp.com\/www.bdc-berlin.de\/cms\/wp-content\/uploads\/2012\/02\/Bild20Pokal.jpg?resize=150%2C150\" alt=\"\" width=\"150\" height=\"150\" \/><\/a>So ist Andreas v\u00f6llig \u00fcberrascht einen Pokal f\u00fcr den so w\u00f6rtlich &#8222;Best Guide of the BDC&#8220; \u00fcberreicht zu bekommen. Doch Torsten hat vorgesorgt und m\u00f6chte f\u00fcr n\u00e4chstes Jahr einen zweiten Pokal einfordern f\u00fcr: &#8222;the best fotograf&#8220;.<br \/>\nAuch Micha hat noch zwei Worte f\u00fcr uns bevor dann sein Bruder den Film mit der Bikerhymne &#8222;Du hast die Haare sch\u00f6n!&#8220; auf die Leinwand wirf. Die Party ist er\u00f6ffnet und alle sind sehr Textsicher am schunkeln. Na dieser Anstrengung haben sich alle eine St\u00e4rkung verdient und so wird das Buffet er\u00f6ffnet. Lecker Essen und Trinken stehen bereit.<\/p>\n<p style=\"text-align: justify;\"><a href=\"https:\/\/i0.wp.com\/www.bdc-berlin.de\/cms\/wp-content\/uploads\/2012\/02\/Bild021.jpg\"><img data-recalc-dims=\"1\" loading=\"lazy\" decoding=\"async\" data-attachment-id=\"297\" data-permalink=\"http:\/\/www.bdc-berlin.de\/cms\/2007-weserbergland-5-jahre-bdc\/attachment-bild021\/\" data-orig-file=\"https:\/\/i0.wp.com\/www.bdc-berlin.de\/cms\/wp-content\/uploads\/2012\/02\/Bild021.jpg?fit=640%2C427\" data-orig-size=\"640,427\" data-comments-opened=\"1\" data-image-meta=\"{&quot;aperture&quot;:&quot;0&quot;,&quot;credit&quot;:&quot;&quot;,&quot;camera&quot;:&quot;&quot;,&quot;caption&quot;:&quot;&quot;,&quot;created_timestamp&quot;:&quot;0&quot;,&quot;copyright&quot;:&quot;&quot;,&quot;focal_length&quot;:&quot;0&quot;,&quot;iso&quot;:&quot;0&quot;,&quot;shutter_speed&quot;:&quot;0&quot;,&quot;title&quot;:&quot;&quot;,&quot;orientation&quot;:&quot;0&quot;}\" data-image-title=\"Bild021\" data-image-description=\"\" data-image-caption=\"\" data-large-file=\"https:\/\/i0.wp.com\/www.bdc-berlin.de\/cms\/wp-content\/uploads\/2012\/02\/Bild021.jpg?fit=610%2C407\" class=\"alignleft size-thumbnail wp-image-297\" src=\"https:\/\/i0.wp.com\/www.bdc-berlin.de\/cms\/wp-content\/uploads\/2012\/02\/Bild021.jpg?resize=150%2C150\" alt=\"\" width=\"150\" height=\"150\" srcset=\"https:\/\/i0.wp.com\/www.bdc-berlin.de\/cms\/wp-content\/uploads\/2012\/02\/Bild021.jpg?resize=150%2C150 150w, https:\/\/i0.wp.com\/www.bdc-berlin.de\/cms\/wp-content\/uploads\/2012\/02\/Bild021.jpg?zoom=2&amp;resize=150%2C150 300w, https:\/\/i0.wp.com\/www.bdc-berlin.de\/cms\/wp-content\/uploads\/2012\/02\/Bild021.jpg?zoom=3&amp;resize=150%2C150 450w\" sizes=\"auto, (max-width: 150px) 100vw, 150px\" \/><\/a>Je sp\u00e4ter der Abend und ein paar Gl\u00e4ser Wein wird die Stimmung gel\u00f6ster. Da kommen sich die einen oder andern n\u00e4her und fangen bald an H\u00e4ndchen zu halten oder kuscheln. Tanzen und ein paar lustige Spiele heitern die Party noch weiter auf. Peggy ersteigert einen Tanz mit Stripp mit Michas Neffen Tobias. Na, wenn das nichts ist! So geht ein sch\u00f6ner Abend f\u00fcr einen w\u00fcrdigen Anlass in die Nacht\u2026<br \/>\n<!--nextpage--><\/p>\n<h2>Sonntag 2.9.2007<\/h2>\n<p style=\"text-align: justify;\">Auch dieser Tag beginnt wieder mit dem Treffen vor dem Supermarktparkplatz. So richtig ausgeschlafen ist keiner, m\u00fcde die Gesichter, gezeichnet von den sch\u00f6nen Anstrengungen der letzten Tage. Vielleicht aber auch Traurigkeit, weil das lang ersehnte Wochenende nun schon wieder dem Ende zugeht.<\/p>\n<p style=\"text-align: justify;\"><a href=\"https:\/\/i0.wp.com\/www.bdc-berlin.de\/cms\/wp-content\/uploads\/2012\/02\/Bild022.jpg\"><img data-recalc-dims=\"1\" loading=\"lazy\" decoding=\"async\" data-attachment-id=\"298\" data-permalink=\"http:\/\/www.bdc-berlin.de\/cms\/2007-weserbergland-5-jahre-bdc\/attachment-bild022\/\" data-orig-file=\"https:\/\/i0.wp.com\/www.bdc-berlin.de\/cms\/wp-content\/uploads\/2012\/02\/Bild022.jpg?fit=640%2C480\" data-orig-size=\"640,480\" data-comments-opened=\"1\" data-image-meta=\"{&quot;aperture&quot;:&quot;0&quot;,&quot;credit&quot;:&quot;&quot;,&quot;camera&quot;:&quot;&quot;,&quot;caption&quot;:&quot;&quot;,&quot;created_timestamp&quot;:&quot;0&quot;,&quot;copyright&quot;:&quot;&quot;,&quot;focal_length&quot;:&quot;0&quot;,&quot;iso&quot;:&quot;0&quot;,&quot;shutter_speed&quot;:&quot;0&quot;,&quot;title&quot;:&quot;&quot;,&quot;orientation&quot;:&quot;0&quot;}\" data-image-title=\"Bild022\" data-image-description=\"\" data-image-caption=\"\" data-large-file=\"https:\/\/i0.wp.com\/www.bdc-berlin.de\/cms\/wp-content\/uploads\/2012\/02\/Bild022.jpg?fit=610%2C458\" class=\"alignright size-thumbnail wp-image-298\" src=\"https:\/\/i0.wp.com\/www.bdc-berlin.de\/cms\/wp-content\/uploads\/2012\/02\/Bild022.jpg?resize=150%2C150\" alt=\"\" width=\"150\" height=\"150\" srcset=\"https:\/\/i0.wp.com\/www.bdc-berlin.de\/cms\/wp-content\/uploads\/2012\/02\/Bild022.jpg?resize=150%2C150 150w, https:\/\/i0.wp.com\/www.bdc-berlin.de\/cms\/wp-content\/uploads\/2012\/02\/Bild022.jpg?zoom=2&amp;resize=150%2C150 300w, https:\/\/i0.wp.com\/www.bdc-berlin.de\/cms\/wp-content\/uploads\/2012\/02\/Bild022.jpg?zoom=3&amp;resize=150%2C150 450w\" sizes=\"auto, (max-width: 150px) 100vw, 150px\" \/><\/a>Es fehlt auch wieder die w\u00e4rmende Sonne um wach zu werden. Doch bald setzen sich die Motorr\u00e4der und Cafe-Bikes in Bewegung. Cafe-Bikes deshalb, weil die Tanks einiger die als Motorr\u00e4der verkauft wurden so klein sind und nur reichen um von Zuhause bis zum n\u00e4chsten Cafe zu fahren. Denn kaum sind wir los gefahren stehen wir schon wieder an der Tankstelle.<\/p>\n<p style=\"text-align: justify;\">Mit nur zwei Zapfs\u00e4ulen dauert die ganze Prozedur auch entsprechend erm\u00fcdend lange bis es weiter geht. Der Tross setzt sich wieder in Bewegung und wir kommen an Orten vorbei die uns von der letzten Weserbergland-Tour noch gut in Erinnerung sind. Von Oedelsheim geht es Richtung Heisebeck, Offersen an Adelebsen vorbei. Adelebsen, der Ort wo uns Friedchen und Michas Papa beim letzten Mal so herzlich bewirtet haben. Doch heute geht es im Halbschlaf nach G\u00f6ttingen hinein. Nach ein paar Umleitungen finden wir uns mitten in der Altstadt wieder. Die Altstadt ich sehr h\u00fcbsch, nur die Passanten h\u00e4tten auf das laute Get\u00f6se der Mopeds verzichten k\u00f6nnen, meckern und zeigen uns auch mal nen Vogel. Zeit sich auf dem n\u00e4chsten Parkplatz zu sortieren und noch einmal ohne Helm auf dem Kopf zu g\u00e4hnen. Klaudia f\u00fchrt uns weiter in den Harz, ihre Heimat und samt vertrauter Stra\u00dfen. Leider ist die Gruppe zu gro\u00df und zu tr\u00e4ge um die sch\u00f6nen Kurven angemessen zu w\u00fcrdigen<\/p>\n<p style=\"text-align: justify;\"><a href=\"https:\/\/i0.wp.com\/www.bdc-berlin.de\/cms\/wp-content\/uploads\/2012\/02\/Bild023.jpg\"><img data-recalc-dims=\"1\" loading=\"lazy\" decoding=\"async\" data-attachment-id=\"299\" data-permalink=\"http:\/\/www.bdc-berlin.de\/cms\/2007-weserbergland-5-jahre-bdc\/attachment-bild023\/\" data-orig-file=\"https:\/\/i0.wp.com\/www.bdc-berlin.de\/cms\/wp-content\/uploads\/2012\/02\/Bild023.jpg?fit=640%2C480\" data-orig-size=\"640,480\" data-comments-opened=\"1\" data-image-meta=\"{&quot;aperture&quot;:&quot;0&quot;,&quot;credit&quot;:&quot;&quot;,&quot;camera&quot;:&quot;&quot;,&quot;caption&quot;:&quot;&quot;,&quot;created_timestamp&quot;:&quot;0&quot;,&quot;copyright&quot;:&quot;&quot;,&quot;focal_length&quot;:&quot;0&quot;,&quot;iso&quot;:&quot;0&quot;,&quot;shutter_speed&quot;:&quot;0&quot;,&quot;title&quot;:&quot;&quot;,&quot;orientation&quot;:&quot;0&quot;}\" data-image-title=\"Bild023\" data-image-description=\"\" data-image-caption=\"\" data-large-file=\"https:\/\/i0.wp.com\/www.bdc-berlin.de\/cms\/wp-content\/uploads\/2012\/02\/Bild023.jpg?fit=610%2C458\" class=\"alignleft size-thumbnail wp-image-299\" src=\"https:\/\/i0.wp.com\/www.bdc-berlin.de\/cms\/wp-content\/uploads\/2012\/02\/Bild023.jpg?resize=150%2C150\" alt=\"\" width=\"150\" height=\"150\" srcset=\"https:\/\/i0.wp.com\/www.bdc-berlin.de\/cms\/wp-content\/uploads\/2012\/02\/Bild023.jpg?resize=150%2C150 150w, https:\/\/i0.wp.com\/www.bdc-berlin.de\/cms\/wp-content\/uploads\/2012\/02\/Bild023.jpg?zoom=2&amp;resize=150%2C150 300w, https:\/\/i0.wp.com\/www.bdc-berlin.de\/cms\/wp-content\/uploads\/2012\/02\/Bild023.jpg?zoom=3&amp;resize=150%2C150 450w\" sizes=\"auto, (max-width: 150px) 100vw, 150px\" \/><\/a>Normalerweise ist auch J\u00fcrgen nicht der tr\u00e4ge Biker, geh\u00f6rt weil er auch schon viele alpine Erfahrung hat, zu den Kurvenk\u00fcnstlern. Der fehlende Kaffee ist auch nicht schuld, dass er immer langsamer wird und ausrollt. Seine &#8222;Pan&#8220; ist schuld am fr\u00fchzeitigen Boxenstopp. Zum wiederholten Mal ist das hintere Radlager seiner Honda ausgelaufen und beeintr\u00e4chtigt die Fahrt erheblich.<\/p>\n<p style=\"text-align: justify;\">Was machen wir jetzt wird hei\u00df diskutiert. Rufen wir den ADAC oder f\u00e4hrt J\u00fcrgen vorsichtig weiter? Da J\u00fcrgen es mit dem ADAC zu viele Umst\u00e4nde macht m\u00f6chte er vorsichtig weiterfahren, nur Sabine muss sich einen neuen Soziusplatz suchen. In Braunlage wir noch einmal die Araltankstelle \u00fcberfallen um die leeren Tanks der &#8222;Cafe- Bikes&#8220; wieder mit Benzin zu f\u00fcllen.<\/p>\n<p style=\"text-align: justify;\"><a href=\"https:\/\/i0.wp.com\/www.bdc-berlin.de\/cms\/wp-content\/uploads\/2012\/02\/Bild024.jpg\"><img data-recalc-dims=\"1\" loading=\"lazy\" decoding=\"async\" data-attachment-id=\"300\" data-permalink=\"http:\/\/www.bdc-berlin.de\/cms\/2007-weserbergland-5-jahre-bdc\/attachment-bild024\/\" data-orig-file=\"https:\/\/i0.wp.com\/www.bdc-berlin.de\/cms\/wp-content\/uploads\/2012\/02\/Bild024.jpg?fit=640%2C480\" data-orig-size=\"640,480\" data-comments-opened=\"1\" data-image-meta=\"{&quot;aperture&quot;:&quot;0&quot;,&quot;credit&quot;:&quot;&quot;,&quot;camera&quot;:&quot;&quot;,&quot;caption&quot;:&quot;&quot;,&quot;created_timestamp&quot;:&quot;0&quot;,&quot;copyright&quot;:&quot;&quot;,&quot;focal_length&quot;:&quot;0&quot;,&quot;iso&quot;:&quot;0&quot;,&quot;shutter_speed&quot;:&quot;0&quot;,&quot;title&quot;:&quot;&quot;,&quot;orientation&quot;:&quot;0&quot;}\" data-image-title=\"Bild024\" data-image-description=\"\" data-image-caption=\"\" data-large-file=\"https:\/\/i0.wp.com\/www.bdc-berlin.de\/cms\/wp-content\/uploads\/2012\/02\/Bild024.jpg?fit=610%2C458\" class=\"alignright size-thumbnail wp-image-300\" src=\"https:\/\/i0.wp.com\/www.bdc-berlin.de\/cms\/wp-content\/uploads\/2012\/02\/Bild024.jpg?resize=150%2C150\" alt=\"\" width=\"150\" height=\"150\" srcset=\"https:\/\/i0.wp.com\/www.bdc-berlin.de\/cms\/wp-content\/uploads\/2012\/02\/Bild024.jpg?resize=150%2C150 150w, https:\/\/i0.wp.com\/www.bdc-berlin.de\/cms\/wp-content\/uploads\/2012\/02\/Bild024.jpg?zoom=2&amp;resize=150%2C150 300w, https:\/\/i0.wp.com\/www.bdc-berlin.de\/cms\/wp-content\/uploads\/2012\/02\/Bild024.jpg?zoom=3&amp;resize=150%2C150 450w\" sizes=\"auto, (max-width: 150px) 100vw, 150px\" \/><\/a>Klaudia f\u00fchrt weiter das Elend, \u00e4h, ich meine, Klaudia f\u00e4hrt weiter Richtung Elend, dort wartet schon &#8222;Kukki&#8220; mit seiner Gulaschkanone und Erbseneintopf. Noch einmal frisch gest\u00e4rkt wird mit den Harzer Freunden ein letztes Mal H\u00e4ndchen gehalten und die ersten verabschieden sich von hier aus schon. Doch Klaudia und einige andere, wenige &#8222;Krodos&#8220; begleiten uns noch ein kleines St\u00fcck auf ihrer Hausstrecke.<\/p>\n<p style=\"text-align: justify;\"><a href=\"https:\/\/i0.wp.com\/www.bdc-berlin.de\/cms\/wp-content\/uploads\/2012\/02\/Bild025.jpg\"><img data-recalc-dims=\"1\" loading=\"lazy\" decoding=\"async\" data-attachment-id=\"301\" data-permalink=\"http:\/\/www.bdc-berlin.de\/cms\/2007-weserbergland-5-jahre-bdc\/attachment-bild025\/\" data-orig-file=\"https:\/\/i0.wp.com\/www.bdc-berlin.de\/cms\/wp-content\/uploads\/2012\/02\/Bild025.jpg?fit=640%2C480\" data-orig-size=\"640,480\" data-comments-opened=\"1\" data-image-meta=\"{&quot;aperture&quot;:&quot;0&quot;,&quot;credit&quot;:&quot;&quot;,&quot;camera&quot;:&quot;&quot;,&quot;caption&quot;:&quot;&quot;,&quot;created_timestamp&quot;:&quot;0&quot;,&quot;copyright&quot;:&quot;&quot;,&quot;focal_length&quot;:&quot;0&quot;,&quot;iso&quot;:&quot;0&quot;,&quot;shutter_speed&quot;:&quot;0&quot;,&quot;title&quot;:&quot;&quot;,&quot;orientation&quot;:&quot;0&quot;}\" data-image-title=\"Bild025\" data-image-description=\"\" data-image-caption=\"\" data-large-file=\"https:\/\/i0.wp.com\/www.bdc-berlin.de\/cms\/wp-content\/uploads\/2012\/02\/Bild025.jpg?fit=610%2C458\" class=\"alignleft size-thumbnail wp-image-301\" src=\"https:\/\/i0.wp.com\/www.bdc-berlin.de\/cms\/wp-content\/uploads\/2012\/02\/Bild025.jpg?resize=150%2C150\" alt=\"\" width=\"150\" height=\"150\" srcset=\"https:\/\/i0.wp.com\/www.bdc-berlin.de\/cms\/wp-content\/uploads\/2012\/02\/Bild025.jpg?resize=150%2C150 150w, https:\/\/i0.wp.com\/www.bdc-berlin.de\/cms\/wp-content\/uploads\/2012\/02\/Bild025.jpg?zoom=2&amp;resize=150%2C150 300w, https:\/\/i0.wp.com\/www.bdc-berlin.de\/cms\/wp-content\/uploads\/2012\/02\/Bild025.jpg?zoom=3&amp;resize=150%2C150 450w\" sizes=\"auto, (max-width: 150px) 100vw, 150px\" \/><\/a>Klaudia zeigt wie man im sch\u00f6nen Harz Moped fahren kann und sehr zur meiner Freude steigt zum Abschluss das Tempo. Sch\u00f6n legen Klaudia und ich die Maschinen im sauberen Strich in die Kurven. Nun wird nicht nur die Mitte des Reifens abgefahren, sondern auch die Seiten. Waren doch die Reifen die letzten Tage schon so eckig geworden, dass man beim abstellen der Maschine keinen Hauptst\u00e4nder mehr brauchte.<\/p>\n<p style=\"text-align: justify;\">Nun ist auch Kathi hinter mir wieder wach geworden und schimpft wie auf ihren &#8222;Handgasaffen&#8220;. Als uns dann auch die letzten Gradeausfahrer eingeholt haben hie\u00df es vorl\u00e4ufig endg\u00fcltig Abschied nehmen. Es wurde herzlichst gedr\u00fcckt, Klaudia und Andreas lagen sich wie immer lange in den Armen.<\/p>\n<ul style=\"text-align: justify;\">Es war ein sch\u00f6nes Wochenende das uns lange in Erinnerung bleiben wird. Die R\u00fcckfahrt nach Berlin ist ohne weitere Aufregung bew\u00e4ltigt worden. Auf das wir uns auch 2008 wohl Gesund wieder sehen und erneut viel Spa\u00df haben werden. Ein Dank noch mal an alle Mitwirkenden, bleibt hart am Gas!<\/ul>\n<p>&nbsp;<\/p>\n<div>Euer Falko<\/div>\n<p><a href=\"https:\/\/i0.wp.com\/www.bdc-berlin.de\/cms\/wp-content\/uploads\/2012\/02\/Bild026.jpg\"><img data-recalc-dims=\"1\" loading=\"lazy\" decoding=\"async\" data-attachment-id=\"302\" data-permalink=\"http:\/\/www.bdc-berlin.de\/cms\/2007-weserbergland-5-jahre-bdc\/attachment-bild026\/\" data-orig-file=\"https:\/\/i0.wp.com\/www.bdc-berlin.de\/cms\/wp-content\/uploads\/2012\/02\/Bild026.jpg?fit=546%2C480\" data-orig-size=\"546,480\" data-comments-opened=\"1\" data-image-meta=\"{&quot;aperture&quot;:&quot;4&quot;,&quot;credit&quot;:&quot;&quot;,&quot;camera&quot;:&quot;Canon PowerShot A640&quot;,&quot;caption&quot;:&quot;&quot;,&quot;created_timestamp&quot;:&quot;1190480094&quot;,&quot;copyright&quot;:&quot;&quot;,&quot;focal_length&quot;:&quot;10.835&quot;,&quot;iso&quot;:&quot;0&quot;,&quot;shutter_speed&quot;:&quot;0.004&quot;,&quot;title&quot;:&quot;&quot;,&quot;orientation&quot;:&quot;0&quot;}\" data-image-title=\"Bild026\" data-image-description=\"\" data-image-caption=\"\" data-large-file=\"https:\/\/i0.wp.com\/www.bdc-berlin.de\/cms\/wp-content\/uploads\/2012\/02\/Bild026.jpg?fit=546%2C480\" class=\"alignleft wp-image-302 size-medium\" style=\"border: 0px currentColor;\" src=\"https:\/\/i0.wp.com\/www.bdc-berlin.de\/cms\/wp-content\/uploads\/2012\/02\/Bild026.jpg?resize=300%2C264\" alt=\"\" width=\"300\" height=\"264\" border=\"0\" srcset=\"https:\/\/i0.wp.com\/www.bdc-berlin.de\/cms\/wp-content\/uploads\/2012\/02\/Bild026.jpg?resize=300%2C264 300w, https:\/\/i0.wp.com\/www.bdc-berlin.de\/cms\/wp-content\/uploads\/2012\/02\/Bild026.jpg?w=546 546w\" sizes=\"auto, (max-width: 300px) 100vw, 300px\" \/><\/a><\/p>\n<div><\/div>\n<p><!--nextpage--><\/p>\n<div>\n<div class=\"tiled-gallery type-rectangular tiled-gallery-unresized\" data-original-width=\"610\" data-carousel-extra='{&quot;blog_id&quot;:1,&quot;permalink&quot;:&quot;http:\\\/\\\/www.bdc-berlin.de\\\/cms\\\/2007-weserbergland-5-jahre-bdc\\\/&quot;,&quot;likes_blog_id&quot;:125657278}' itemscope itemtype=\"http:\/\/schema.org\/ImageGallery\" > <div class=\"gallery-row\" style=\"width: 610px; height: 306px;\" data-original-width=\"610\" data-original-height=\"306\" > <div class=\"gallery-group images-1\" style=\"width: 407px; height: 306px;\" data-original-width=\"407\" data-original-height=\"306\" > <div class=\"tiled-gallery-item tiled-gallery-item-large\" itemprop=\"associatedMedia\" itemscope itemtype=\"http:\/\/schema.org\/ImageObject\"> <a href=\"http:\/\/www.bdc-berlin.de\/cms\/dsc00940\/\" border=\"0\" itemprop=\"url\"> <meta itemprop=\"width\" content=\"403\"> <meta itemprop=\"height\" content=\"302\"> <img decoding=\"async\" class=\"\" data-attachment-id=\"1693\" data-orig-file=\"http:\/\/www.bdc-berlin.de\/cms\/wp-content\/uploads\/2017\/03\/DSC00940.jpg\" data-orig-size=\"448,336\" data-comments-opened=\"1\" data-image-meta=\"{&quot;aperture&quot;:&quot;2.8&quot;,&quot;credit&quot;:&quot;&quot;,&quot;camera&quot;:&quot;DSC-W30&quot;,&quot;caption&quot;:&quot;&quot;,&quot;created_timestamp&quot;:&quot;1188573386&quot;,&quot;copyright&quot;:&quot;&quot;,&quot;focal_length&quot;:&quot;6.3&quot;,&quot;iso&quot;:&quot;80&quot;,&quot;shutter_speed&quot;:&quot;0.0025&quot;,&quot;title&quot;:&quot;&quot;,&quot;orientation&quot;:&quot;0&quot;}\" data-image-title=\"DSC00940\" data-image-description=\"\" data-medium-file=\"https:\/\/i0.wp.com\/www.bdc-berlin.de\/cms\/wp-content\/uploads\/2017\/03\/DSC00940.jpg?fit=300%2C225\" data-large-file=\"https:\/\/i0.wp.com\/www.bdc-berlin.de\/cms\/wp-content\/uploads\/2017\/03\/DSC00940.jpg?fit=448%2C336\" src=\"https:\/\/i0.wp.com\/www.bdc-berlin.de\/cms\/wp-content\/uploads\/2017\/03\/DSC00940.jpg?w=403&#038;h=302\" srcset=\"https:\/\/i0.wp.com\/www.bdc-berlin.de\/cms\/wp-content\/uploads\/2017\/03\/DSC00940.jpg?w=448 448w, https:\/\/i0.wp.com\/www.bdc-berlin.de\/cms\/wp-content\/uploads\/2017\/03\/DSC00940.jpg?resize=300%2C225 300w\" width=\"403\" height=\"302\" loading=\"lazy\" data-original-width=\"403\" data-original-height=\"302\" itemprop=\"http:\/\/schema.org\/image\" title=\"DSC00940\" alt=\"DSC00940\" style=\"width: 403px; height: 302px;\" \/> <\/a> <\/div> <\/div> <!-- close group --> <div class=\"gallery-group images-2\" style=\"width: 203px; height: 306px;\" data-original-width=\"203\" data-original-height=\"306\" > <div class=\"tiled-gallery-item tiled-gallery-item-small\" itemprop=\"associatedMedia\" itemscope itemtype=\"http:\/\/schema.org\/ImageObject\"> <a href=\"http:\/\/www.bdc-berlin.de\/cms\/dsc00957\/\" border=\"0\" itemprop=\"url\"> <meta itemprop=\"width\" content=\"199\"> <meta itemprop=\"height\" content=\"149\"> <img decoding=\"async\" class=\"\" data-attachment-id=\"1694\" data-orig-file=\"http:\/\/www.bdc-berlin.de\/cms\/wp-content\/uploads\/2017\/03\/DSC00957.jpg\" data-orig-size=\"448,336\" data-comments-opened=\"1\" data-image-meta=\"{&quot;aperture&quot;:&quot;2.8&quot;,&quot;credit&quot;:&quot;&quot;,&quot;camera&quot;:&quot;DSC-W30&quot;,&quot;caption&quot;:&quot;&quot;,&quot;created_timestamp&quot;:&quot;1188589016&quot;,&quot;copyright&quot;:&quot;&quot;,&quot;focal_length&quot;:&quot;6.3&quot;,&quot;iso&quot;:&quot;320&quot;,&quot;shutter_speed&quot;:&quot;0.025&quot;,&quot;title&quot;:&quot;&quot;,&quot;orientation&quot;:&quot;0&quot;}\" data-image-title=\"DSC00957\" data-image-description=\"\" data-medium-file=\"https:\/\/i0.wp.com\/www.bdc-berlin.de\/cms\/wp-content\/uploads\/2017\/03\/DSC00957.jpg?fit=300%2C225\" data-large-file=\"https:\/\/i0.wp.com\/www.bdc-berlin.de\/cms\/wp-content\/uploads\/2017\/03\/DSC00957.jpg?fit=448%2C336\" src=\"https:\/\/i0.wp.com\/www.bdc-berlin.de\/cms\/wp-content\/uploads\/2017\/03\/DSC00957.jpg?w=199&#038;h=149\" srcset=\"https:\/\/i0.wp.com\/www.bdc-berlin.de\/cms\/wp-content\/uploads\/2017\/03\/DSC00957.jpg?w=448 448w, https:\/\/i0.wp.com\/www.bdc-berlin.de\/cms\/wp-content\/uploads\/2017\/03\/DSC00957.jpg?resize=300%2C225 300w\" width=\"199\" height=\"149\" loading=\"lazy\" data-original-width=\"199\" data-original-height=\"149\" itemprop=\"http:\/\/schema.org\/image\" title=\"DSC00957\" alt=\"DSC00957\" style=\"width: 199px; height: 149px;\" \/> <\/a> <\/div> <div class=\"tiled-gallery-item tiled-gallery-item-small\" itemprop=\"associatedMedia\" itemscope itemtype=\"http:\/\/schema.org\/ImageObject\"> <a href=\"http:\/\/www.bdc-berlin.de\/cms\/dsc00962\/\" border=\"0\" itemprop=\"url\"> <meta itemprop=\"width\" content=\"199\"> <meta itemprop=\"height\" content=\"149\"> <img decoding=\"async\" class=\"\" data-attachment-id=\"1695\" data-orig-file=\"http:\/\/www.bdc-berlin.de\/cms\/wp-content\/uploads\/2017\/03\/DSC00962.jpg\" data-orig-size=\"448,336\" data-comments-opened=\"1\" data-image-meta=\"{&quot;aperture&quot;:&quot;2.8&quot;,&quot;credit&quot;:&quot;&quot;,&quot;camera&quot;:&quot;DSC-W30&quot;,&quot;caption&quot;:&quot;&quot;,&quot;created_timestamp&quot;:&quot;1188592102&quot;,&quot;copyright&quot;:&quot;&quot;,&quot;focal_length&quot;:&quot;6.3&quot;,&quot;iso&quot;:&quot;100&quot;,&quot;shutter_speed&quot;:&quot;0.025&quot;,&quot;title&quot;:&quot;&quot;,&quot;orientation&quot;:&quot;0&quot;}\" data-image-title=\"DSC00962\" data-image-description=\"\" data-medium-file=\"https:\/\/i0.wp.com\/www.bdc-berlin.de\/cms\/wp-content\/uploads\/2017\/03\/DSC00962.jpg?fit=300%2C225\" data-large-file=\"https:\/\/i0.wp.com\/www.bdc-berlin.de\/cms\/wp-content\/uploads\/2017\/03\/DSC00962.jpg?fit=448%2C336\" src=\"https:\/\/i0.wp.com\/www.bdc-berlin.de\/cms\/wp-content\/uploads\/2017\/03\/DSC00962.jpg?w=199&#038;h=149\" srcset=\"https:\/\/i0.wp.com\/www.bdc-berlin.de\/cms\/wp-content\/uploads\/2017\/03\/DSC00962.jpg?w=448 448w, https:\/\/i0.wp.com\/www.bdc-berlin.de\/cms\/wp-content\/uploads\/2017\/03\/DSC00962.jpg?resize=300%2C225 300w\" width=\"199\" height=\"149\" loading=\"lazy\" data-original-width=\"199\" data-original-height=\"149\" itemprop=\"http:\/\/schema.org\/image\" title=\"DSC00962\" alt=\"DSC00962\" style=\"width: 199px; height: 149px;\" \/> <\/a> <\/div> <\/div> <!-- close group --> <\/div> <!-- close row --> <div class=\"gallery-row\" style=\"width: 610px; height: 154px;\" data-original-width=\"610\" data-original-height=\"154\" > <div class=\"gallery-group images-1\" style=\"width: 204px; height: 154px;\" data-original-width=\"204\" data-original-height=\"154\" > <div class=\"tiled-gallery-item tiled-gallery-item-small\" itemprop=\"associatedMedia\" itemscope itemtype=\"http:\/\/schema.org\/ImageObject\"> <a href=\"http:\/\/www.bdc-berlin.de\/cms\/dsc00993\/\" border=\"0\" itemprop=\"url\"> <meta itemprop=\"width\" content=\"200\"> <meta itemprop=\"height\" content=\"150\"> <img decoding=\"async\" class=\"\" data-attachment-id=\"1696\" data-orig-file=\"http:\/\/www.bdc-berlin.de\/cms\/wp-content\/uploads\/2017\/03\/DSC00993.jpg\" data-orig-size=\"448,336\" data-comments-opened=\"1\" data-image-meta=\"{&quot;aperture&quot;:&quot;2.8&quot;,&quot;credit&quot;:&quot;&quot;,&quot;camera&quot;:&quot;DSC-W30&quot;,&quot;caption&quot;:&quot;&quot;,&quot;created_timestamp&quot;:&quot;1188652024&quot;,&quot;copyright&quot;:&quot;&quot;,&quot;focal_length&quot;:&quot;6.3&quot;,&quot;iso&quot;:&quot;80&quot;,&quot;shutter_speed&quot;:&quot;0.002&quot;,&quot;title&quot;:&quot;&quot;,&quot;orientation&quot;:&quot;0&quot;}\" data-image-title=\"DSC00993\" data-image-description=\"\" data-medium-file=\"https:\/\/i0.wp.com\/www.bdc-berlin.de\/cms\/wp-content\/uploads\/2017\/03\/DSC00993.jpg?fit=300%2C225\" data-large-file=\"https:\/\/i0.wp.com\/www.bdc-berlin.de\/cms\/wp-content\/uploads\/2017\/03\/DSC00993.jpg?fit=448%2C336\" src=\"https:\/\/i0.wp.com\/www.bdc-berlin.de\/cms\/wp-content\/uploads\/2017\/03\/DSC00993.jpg?w=200&#038;h=150\" srcset=\"https:\/\/i0.wp.com\/www.bdc-berlin.de\/cms\/wp-content\/uploads\/2017\/03\/DSC00993.jpg?w=448 448w, https:\/\/i0.wp.com\/www.bdc-berlin.de\/cms\/wp-content\/uploads\/2017\/03\/DSC00993.jpg?resize=300%2C225 300w\" width=\"200\" height=\"150\" loading=\"lazy\" data-original-width=\"200\" data-original-height=\"150\" itemprop=\"http:\/\/schema.org\/image\" title=\"DSC00993\" alt=\"DSC00993\" style=\"width: 200px; height: 150px;\" \/> <\/a> <\/div> <\/div> <!-- close group --> <div class=\"gallery-group images-1\" style=\"width: 203px; height: 154px;\" data-original-width=\"203\" data-original-height=\"154\" > <div class=\"tiled-gallery-item tiled-gallery-item-small\" itemprop=\"associatedMedia\" itemscope itemtype=\"http:\/\/schema.org\/ImageObject\"> <a href=\"http:\/\/www.bdc-berlin.de\/cms\/dsc00996\/\" border=\"0\" itemprop=\"url\"> <meta itemprop=\"width\" content=\"199\"> <meta itemprop=\"height\" content=\"150\"> <img decoding=\"async\" class=\"\" data-attachment-id=\"1697\" data-orig-file=\"http:\/\/www.bdc-berlin.de\/cms\/wp-content\/uploads\/2017\/03\/DSC00996.jpg\" data-orig-size=\"448,336\" data-comments-opened=\"1\" data-image-meta=\"{&quot;aperture&quot;:&quot;5.2&quot;,&quot;credit&quot;:&quot;&quot;,&quot;camera&quot;:&quot;DSC-W30&quot;,&quot;caption&quot;:&quot;&quot;,&quot;created_timestamp&quot;:&quot;1188655673&quot;,&quot;copyright&quot;:&quot;&quot;,&quot;focal_length&quot;:&quot;18.9&quot;,&quot;iso&quot;:&quot;320&quot;,&quot;shutter_speed&quot;:&quot;0.02&quot;,&quot;title&quot;:&quot;&quot;,&quot;orientation&quot;:&quot;0&quot;}\" data-image-title=\"DSC00996\" data-image-description=\"\" data-medium-file=\"https:\/\/i0.wp.com\/www.bdc-berlin.de\/cms\/wp-content\/uploads\/2017\/03\/DSC00996.jpg?fit=300%2C225\" data-large-file=\"https:\/\/i0.wp.com\/www.bdc-berlin.de\/cms\/wp-content\/uploads\/2017\/03\/DSC00996.jpg?fit=448%2C336\" src=\"https:\/\/i0.wp.com\/www.bdc-berlin.de\/cms\/wp-content\/uploads\/2017\/03\/DSC00996.jpg?w=199&#038;h=150\" srcset=\"https:\/\/i0.wp.com\/www.bdc-berlin.de\/cms\/wp-content\/uploads\/2017\/03\/DSC00996.jpg?w=448 448w, https:\/\/i0.wp.com\/www.bdc-berlin.de\/cms\/wp-content\/uploads\/2017\/03\/DSC00996.jpg?resize=300%2C225 300w\" width=\"199\" height=\"150\" loading=\"lazy\" data-original-width=\"199\" data-original-height=\"150\" itemprop=\"http:\/\/schema.org\/image\" title=\"DSC00996\" alt=\"DSC00996\" style=\"width: 199px; height: 150px;\" \/> <\/a> <\/div> <\/div> <!-- close group --> <div class=\"gallery-group images-1\" style=\"width: 203px; height: 154px;\" data-original-width=\"203\" data-original-height=\"154\" > <div class=\"tiled-gallery-item tiled-gallery-item-small\" itemprop=\"associatedMedia\" itemscope itemtype=\"http:\/\/schema.org\/ImageObject\"> <a href=\"http:\/\/www.bdc-berlin.de\/cms\/dsc00999\/\" border=\"0\" itemprop=\"url\"> <meta itemprop=\"width\" content=\"199\"> <meta itemprop=\"height\" content=\"150\"> <img decoding=\"async\" class=\"\" data-attachment-id=\"1698\" data-orig-file=\"http:\/\/www.bdc-berlin.de\/cms\/wp-content\/uploads\/2017\/03\/DSC00999.jpg\" data-orig-size=\"448,336\" data-comments-opened=\"1\" data-image-meta=\"{&quot;aperture&quot;:&quot;2.8&quot;,&quot;credit&quot;:&quot;&quot;,&quot;camera&quot;:&quot;DSC-W30&quot;,&quot;caption&quot;:&quot;&quot;,&quot;created_timestamp&quot;:&quot;1188667172&quot;,&quot;copyright&quot;:&quot;&quot;,&quot;focal_length&quot;:&quot;6.3&quot;,&quot;iso&quot;:&quot;125&quot;,&quot;shutter_speed&quot;:&quot;0.025&quot;,&quot;title&quot;:&quot;&quot;,&quot;orientation&quot;:&quot;0&quot;}\" data-image-title=\"DSC00999\" data-image-description=\"\" data-medium-file=\"https:\/\/i0.wp.com\/www.bdc-berlin.de\/cms\/wp-content\/uploads\/2017\/03\/DSC00999.jpg?fit=300%2C225\" data-large-file=\"https:\/\/i0.wp.com\/www.bdc-berlin.de\/cms\/wp-content\/uploads\/2017\/03\/DSC00999.jpg?fit=448%2C336\" src=\"https:\/\/i0.wp.com\/www.bdc-berlin.de\/cms\/wp-content\/uploads\/2017\/03\/DSC00999.jpg?w=199&#038;h=150\" srcset=\"https:\/\/i0.wp.com\/www.bdc-berlin.de\/cms\/wp-content\/uploads\/2017\/03\/DSC00999.jpg?w=448 448w, https:\/\/i0.wp.com\/www.bdc-berlin.de\/cms\/wp-content\/uploads\/2017\/03\/DSC00999.jpg?resize=300%2C225 300w\" width=\"199\" height=\"150\" loading=\"lazy\" data-original-width=\"199\" data-original-height=\"150\" itemprop=\"http:\/\/schema.org\/image\" title=\"DSC00999\" alt=\"DSC00999\" style=\"width: 199px; height: 150px;\" \/> <\/a> <\/div> <\/div> <!-- close group --> <\/div> <!-- close row --> <div class=\"gallery-row\" style=\"width: 610px; height: 306px;\" data-original-width=\"610\" data-original-height=\"306\" > <div class=\"gallery-group images-2\" style=\"width: 203px; height: 306px;\" data-original-width=\"203\" data-original-height=\"306\" > <div class=\"tiled-gallery-item tiled-gallery-item-small\" itemprop=\"associatedMedia\" itemscope itemtype=\"http:\/\/schema.org\/ImageObject\"> <a href=\"http:\/\/www.bdc-berlin.de\/cms\/dsc01006\/\" border=\"0\" itemprop=\"url\"> <meta itemprop=\"width\" content=\"199\"> <meta itemprop=\"height\" content=\"149\"> <img decoding=\"async\" class=\"\" data-attachment-id=\"1699\" data-orig-file=\"http:\/\/www.bdc-berlin.de\/cms\/wp-content\/uploads\/2017\/03\/DSC01006.jpg\" data-orig-size=\"448,336\" data-comments-opened=\"1\" data-image-meta=\"{&quot;aperture&quot;:&quot;2.8&quot;,&quot;credit&quot;:&quot;&quot;,&quot;camera&quot;:&quot;DSC-W30&quot;,&quot;caption&quot;:&quot;&quot;,&quot;created_timestamp&quot;:&quot;1188679183&quot;,&quot;copyright&quot;:&quot;&quot;,&quot;focal_length&quot;:&quot;6.3&quot;,&quot;iso&quot;:&quot;320&quot;,&quot;shutter_speed&quot;:&quot;0.025&quot;,&quot;title&quot;:&quot;&quot;,&quot;orientation&quot;:&quot;0&quot;}\" data-image-title=\"DSC01006\" data-image-description=\"\" data-medium-file=\"https:\/\/i0.wp.com\/www.bdc-berlin.de\/cms\/wp-content\/uploads\/2017\/03\/DSC01006.jpg?fit=300%2C225\" data-large-file=\"https:\/\/i0.wp.com\/www.bdc-berlin.de\/cms\/wp-content\/uploads\/2017\/03\/DSC01006.jpg?fit=448%2C336\" src=\"https:\/\/i0.wp.com\/www.bdc-berlin.de\/cms\/wp-content\/uploads\/2017\/03\/DSC01006.jpg?w=199&#038;h=149\" srcset=\"https:\/\/i0.wp.com\/www.bdc-berlin.de\/cms\/wp-content\/uploads\/2017\/03\/DSC01006.jpg?w=448 448w, https:\/\/i0.wp.com\/www.bdc-berlin.de\/cms\/wp-content\/uploads\/2017\/03\/DSC01006.jpg?resize=300%2C225 300w\" width=\"199\" height=\"149\" loading=\"lazy\" data-original-width=\"199\" data-original-height=\"149\" itemprop=\"http:\/\/schema.org\/image\" title=\"DSC01006\" alt=\"DSC01006\" style=\"width: 199px; height: 149px;\" \/> <\/a> <\/div> <div class=\"tiled-gallery-item tiled-gallery-item-small\" itemprop=\"associatedMedia\" itemscope itemtype=\"http:\/\/schema.org\/ImageObject\"> <a href=\"http:\/\/www.bdc-berlin.de\/cms\/dsc01016\/\" border=\"0\" itemprop=\"url\"> <meta itemprop=\"width\" content=\"199\"> <meta itemprop=\"height\" content=\"149\"> <img decoding=\"async\" class=\"\" data-attachment-id=\"1700\" data-orig-file=\"http:\/\/www.bdc-berlin.de\/cms\/wp-content\/uploads\/2017\/03\/DSC01016.jpg\" data-orig-size=\"448,336\" data-comments-opened=\"1\" data-image-meta=\"{&quot;aperture&quot;:&quot;2.8&quot;,&quot;credit&quot;:&quot;&quot;,&quot;camera&quot;:&quot;DSC-W30&quot;,&quot;caption&quot;:&quot;&quot;,&quot;created_timestamp&quot;:&quot;1188684929&quot;,&quot;copyright&quot;:&quot;&quot;,&quot;focal_length&quot;:&quot;6.3&quot;,&quot;iso&quot;:&quot;125&quot;,&quot;shutter_speed&quot;:&quot;0.025&quot;,&quot;title&quot;:&quot;&quot;,&quot;orientation&quot;:&quot;0&quot;}\" data-image-title=\"DSC01016\" data-image-description=\"\" data-medium-file=\"https:\/\/i0.wp.com\/www.bdc-berlin.de\/cms\/wp-content\/uploads\/2017\/03\/DSC01016.jpg?fit=300%2C225\" data-large-file=\"https:\/\/i0.wp.com\/www.bdc-berlin.de\/cms\/wp-content\/uploads\/2017\/03\/DSC01016.jpg?fit=448%2C336\" src=\"https:\/\/i0.wp.com\/www.bdc-berlin.de\/cms\/wp-content\/uploads\/2017\/03\/DSC01016.jpg?w=199&#038;h=149\" srcset=\"https:\/\/i0.wp.com\/www.bdc-berlin.de\/cms\/wp-content\/uploads\/2017\/03\/DSC01016.jpg?w=448 448w, https:\/\/i0.wp.com\/www.bdc-berlin.de\/cms\/wp-content\/uploads\/2017\/03\/DSC01016.jpg?resize=300%2C225 300w\" width=\"199\" height=\"149\" loading=\"lazy\" data-original-width=\"199\" data-original-height=\"149\" itemprop=\"http:\/\/schema.org\/image\" title=\"DSC01016\" alt=\"DSC01016\" style=\"width: 199px; height: 149px;\" \/> <\/a> <\/div> <\/div> <!-- close group --> <div class=\"gallery-group images-1\" style=\"width: 407px; height: 306px;\" data-original-width=\"407\" data-original-height=\"306\" > <div class=\"tiled-gallery-item tiled-gallery-item-large\" itemprop=\"associatedMedia\" itemscope itemtype=\"http:\/\/schema.org\/ImageObject\"> <a href=\"http:\/\/www.bdc-berlin.de\/cms\/dsc01036\/\" border=\"0\" itemprop=\"url\"> <meta itemprop=\"width\" content=\"403\"> <meta itemprop=\"height\" content=\"302\"> <img decoding=\"async\" class=\"\" data-attachment-id=\"1701\" data-orig-file=\"http:\/\/www.bdc-berlin.de\/cms\/wp-content\/uploads\/2017\/03\/DSC01036.jpg\" data-orig-size=\"448,336\" data-comments-opened=\"1\" data-image-meta=\"{&quot;aperture&quot;:&quot;2.8&quot;,&quot;credit&quot;:&quot;&quot;,&quot;camera&quot;:&quot;DSC-W30&quot;,&quot;caption&quot;:&quot;&quot;,&quot;created_timestamp&quot;:&quot;1188696581&quot;,&quot;copyright&quot;:&quot;&quot;,&quot;focal_length&quot;:&quot;6.3&quot;,&quot;iso&quot;:&quot;250&quot;,&quot;shutter_speed&quot;:&quot;0.025&quot;,&quot;title&quot;:&quot;&quot;,&quot;orientation&quot;:&quot;0&quot;}\" data-image-title=\"DSC01036\" data-image-description=\"\" data-medium-file=\"https:\/\/i0.wp.com\/www.bdc-berlin.de\/cms\/wp-content\/uploads\/2017\/03\/DSC01036.jpg?fit=300%2C225\" data-large-file=\"https:\/\/i0.wp.com\/www.bdc-berlin.de\/cms\/wp-content\/uploads\/2017\/03\/DSC01036.jpg?fit=448%2C336\" src=\"https:\/\/i0.wp.com\/www.bdc-berlin.de\/cms\/wp-content\/uploads\/2017\/03\/DSC01036.jpg?w=403&#038;h=302\" srcset=\"https:\/\/i0.wp.com\/www.bdc-berlin.de\/cms\/wp-content\/uploads\/2017\/03\/DSC01036.jpg?w=448 448w, https:\/\/i0.wp.com\/www.bdc-berlin.de\/cms\/wp-content\/uploads\/2017\/03\/DSC01036.jpg?resize=300%2C225 300w\" width=\"403\" height=\"302\" loading=\"lazy\" data-original-width=\"403\" data-original-height=\"302\" itemprop=\"http:\/\/schema.org\/image\" title=\"DSC01036\" alt=\"DSC01036\" style=\"width: 403px; height: 302px;\" \/> <\/a> <\/div> <\/div> <!-- close group --> <\/div> <!-- close row --> <div class=\"gallery-row\" style=\"width: 610px; height: 230px;\" data-original-width=\"610\" data-original-height=\"230\" > <div class=\"gallery-group images-1\" style=\"width: 305px; height: 230px;\" data-original-width=\"305\" data-original-height=\"230\" > <div class=\"tiled-gallery-item tiled-gallery-item-large\" itemprop=\"associatedMedia\" itemscope itemtype=\"http:\/\/schema.org\/ImageObject\"> <a href=\"http:\/\/www.bdc-berlin.de\/cms\/dsc01046\/\" border=\"0\" itemprop=\"url\"> <meta itemprop=\"width\" content=\"301\"> <meta itemprop=\"height\" content=\"226\"> <img decoding=\"async\" class=\"\" data-attachment-id=\"1702\" data-orig-file=\"http:\/\/www.bdc-berlin.de\/cms\/wp-content\/uploads\/2017\/03\/DSC01046.jpg\" data-orig-size=\"448,336\" data-comments-opened=\"1\" data-image-meta=\"{&quot;aperture&quot;:&quot;2.8&quot;,&quot;credit&quot;:&quot;&quot;,&quot;camera&quot;:&quot;DSC-W30&quot;,&quot;caption&quot;:&quot;&quot;,&quot;created_timestamp&quot;:&quot;1188699212&quot;,&quot;copyright&quot;:&quot;&quot;,&quot;focal_length&quot;:&quot;6.3&quot;,&quot;iso&quot;:&quot;250&quot;,&quot;shutter_speed&quot;:&quot;0.025&quot;,&quot;title&quot;:&quot;&quot;,&quot;orientation&quot;:&quot;0&quot;}\" data-image-title=\"DSC01046\" data-image-description=\"\" data-medium-file=\"https:\/\/i0.wp.com\/www.bdc-berlin.de\/cms\/wp-content\/uploads\/2017\/03\/DSC01046.jpg?fit=300%2C225\" data-large-file=\"https:\/\/i0.wp.com\/www.bdc-berlin.de\/cms\/wp-content\/uploads\/2017\/03\/DSC01046.jpg?fit=448%2C336\" src=\"https:\/\/i0.wp.com\/www.bdc-berlin.de\/cms\/wp-content\/uploads\/2017\/03\/DSC01046.jpg?w=301&#038;h=226\" srcset=\"https:\/\/i0.wp.com\/www.bdc-berlin.de\/cms\/wp-content\/uploads\/2017\/03\/DSC01046.jpg?w=448 448w, https:\/\/i0.wp.com\/www.bdc-berlin.de\/cms\/wp-content\/uploads\/2017\/03\/DSC01046.jpg?resize=300%2C225 300w\" width=\"301\" height=\"226\" loading=\"lazy\" data-original-width=\"301\" data-original-height=\"226\" itemprop=\"http:\/\/schema.org\/image\" title=\"DSC01046\" alt=\"DSC01046\" style=\"width: 301px; height: 226px;\" \/> <\/a> <\/div> <\/div> <!-- close group --> <div class=\"gallery-group images-1\" style=\"width: 305px; height: 230px;\" data-original-width=\"305\" data-original-height=\"230\" > <div class=\"tiled-gallery-item tiled-gallery-item-large\" itemprop=\"associatedMedia\" itemscope itemtype=\"http:\/\/schema.org\/ImageObject\"> <a href=\"http:\/\/www.bdc-berlin.de\/cms\/dsc01047\/\" border=\"0\" itemprop=\"url\"> <meta itemprop=\"width\" content=\"301\"> <meta itemprop=\"height\" content=\"226\"> <img decoding=\"async\" class=\"\" data-attachment-id=\"1703\" data-orig-file=\"http:\/\/www.bdc-berlin.de\/cms\/wp-content\/uploads\/2017\/03\/DSC01047.jpg\" data-orig-size=\"448,336\" data-comments-opened=\"1\" data-image-meta=\"{&quot;aperture&quot;:&quot;2.8&quot;,&quot;credit&quot;:&quot;&quot;,&quot;camera&quot;:&quot;DSC-W30&quot;,&quot;caption&quot;:&quot;&quot;,&quot;created_timestamp&quot;:&quot;1188699225&quot;,&quot;copyright&quot;:&quot;&quot;,&quot;focal_length&quot;:&quot;6.3&quot;,&quot;iso&quot;:&quot;100&quot;,&quot;shutter_speed&quot;:&quot;0.025&quot;,&quot;title&quot;:&quot;&quot;,&quot;orientation&quot;:&quot;0&quot;}\" data-image-title=\"DSC01047\" data-image-description=\"\" data-medium-file=\"https:\/\/i0.wp.com\/www.bdc-berlin.de\/cms\/wp-content\/uploads\/2017\/03\/DSC01047.jpg?fit=300%2C225\" data-large-file=\"https:\/\/i0.wp.com\/www.bdc-berlin.de\/cms\/wp-content\/uploads\/2017\/03\/DSC01047.jpg?fit=448%2C336\" src=\"https:\/\/i0.wp.com\/www.bdc-berlin.de\/cms\/wp-content\/uploads\/2017\/03\/DSC01047.jpg?w=301&#038;h=226\" srcset=\"https:\/\/i0.wp.com\/www.bdc-berlin.de\/cms\/wp-content\/uploads\/2017\/03\/DSC01047.jpg?w=448 448w, https:\/\/i0.wp.com\/www.bdc-berlin.de\/cms\/wp-content\/uploads\/2017\/03\/DSC01047.jpg?resize=300%2C225 300w\" width=\"301\" height=\"226\" loading=\"lazy\" data-original-width=\"301\" data-original-height=\"226\" itemprop=\"http:\/\/schema.org\/image\" title=\"DSC01047\" alt=\"DSC01047\" style=\"width: 301px; height: 226px;\" \/> <\/a> <\/div> <\/div> <!-- close group --> <\/div> <!-- close row --> <\/div>\n<\/div>\n<p><em>\u00a0<\/em><\/p>\n<\/div>\n<\/div>\n","protected":false},"excerpt":{"rendered":"<p>Vorwort So ihr Lieben, dass ist jetzt aber wirklich der letzte Bericht den ich f\u00fcr euch schreibe. Auf Bitte von Andreas und anl\u00e4sslich des Jubil\u00e4ums &#8211; 5 Jahre BDC &#8211; habe ich mich noch einmal breit schlagen lassen. Ich bitte um Nachsicht wenn ich nicht jeden erw\u00e4hnen kann und bei den Krodo-Bikern wei\u00df ich leider [&hellip;]<\/p>\n","protected":false},"author":1,"featured_media":276,"comment_status":"open","ping_status":"open","sticky":false,"template":"","format":"standard","meta":{"_bbp_topic_count":0,"_bbp_reply_count":0,"_bbp_total_topic_count":0,"_bbp_total_reply_count":0,"_bbp_voice_count":0,"_bbp_anonymous_reply_count":0,"_bbp_topic_count_hidden":0,"_bbp_reply_count_hidden":0,"_bbp_forum_subforum_count":0,"jetpack_post_was_ever_published":false,"_jetpack_newsletter_access":"","_jetpack_dont_email_post_to_subs":true,"_jetpack_newsletter_tier_id":0,"_jetpack_memberships_contains_paywalled_content":false,"_jetpack_memberships_contains_paid_content":false,"footnotes":""},"categories":[19,29],"tags":[],"class_list":["post-303","post","type-post","status-publish","format-standard","has-post-thumbnail","hentry","category-bilder","category-touren"],"jetpack_featured_media_url":"https:\/\/i0.wp.com\/www.bdc-berlin.de\/cms\/wp-content\/uploads\/2012\/02\/Bild01.jpg?fit=640%2C427","jetpack_sharing_enabled":true,"jetpack_shortlink":"https:\/\/wp.me\/p8vfci-4T","_links":{"self":[{"href":"http:\/\/www.bdc-berlin.de\/cms\/wp-json\/wp\/v2\/posts\/303","targetHints":{"allow":["GET"]}}],"collection":[{"href":"http:\/\/www.bdc-berlin.de\/cms\/wp-json\/wp\/v2\/posts"}],"about":[{"href":"http:\/\/www.bdc-berlin.de\/cms\/wp-json\/wp\/v2\/types\/post"}],"author":[{"embeddable":true,"href":"http:\/\/www.bdc-berlin.de\/cms\/wp-json\/wp\/v2\/users\/1"}],"replies":[{"embeddable":true,"href":"http:\/\/www.bdc-berlin.de\/cms\/wp-json\/wp\/v2\/comments?post=303"}],"version-history":[{"count":17,"href":"http:\/\/www.bdc-berlin.de\/cms\/wp-json\/wp\/v2\/posts\/303\/revisions"}],"predecessor-version":[{"id":1806,"href":"http:\/\/www.bdc-berlin.de\/cms\/wp-json\/wp\/v2\/posts\/303\/revisions\/1806"}],"wp:featuredmedia":[{"embeddable":true,"href":"http:\/\/www.bdc-berlin.de\/cms\/wp-json\/wp\/v2\/media\/276"}],"wp:attachment":[{"href":"http:\/\/www.bdc-berlin.de\/cms\/wp-json\/wp\/v2\/media?parent=303"}],"wp:term":[{"taxonomy":"category","embeddable":true,"href":"http:\/\/www.bdc-berlin.de\/cms\/wp-json\/wp\/v2\/categories?post=303"},{"taxonomy":"post_tag","embeddable":true,"href":"http:\/\/www.bdc-berlin.de\/cms\/wp-json\/wp\/v2\/tags?post=303"}],"curies":[{"name":"wp","href":"https:\/\/api.w.org\/{rel}","templated":true}]}}