{"id":275,"date":"2007-06-04T20:01:26","date_gmt":"2007-06-04T18:01:26","guid":{"rendered":"http:\/\/www.bdc-berlin.de\/cms\/2012\/02\/08\/2007-oesterreich-teil-iii\/"},"modified":"2019-03-03T12:28:43","modified_gmt":"2019-03-03T11:28:43","slug":"2007-oesterreich-teil-iii","status":"publish","type":"post","link":"http:\/\/www.bdc-berlin.de\/cms\/2007-oesterreich-teil-iii\/","title":{"rendered":"\u00d6sterreich 2007 &#8211; Teil 3"},"content":{"rendered":"<h2>Montag 04.Juni 2007<\/h2>\n<p style=\"text-align: justify;\">Lothar ist und bleibt ein &#8222;Antreiber&#8220;, dr\u00e4ngelt obwohl das Wetter bescheiden ist. &#8222;Wo fahren wir denn heute hin?&#8220; Aber so ist es auch richtig! Wir sind zum Moped fahren hier, da k\u00f6nnen uns ein paar Regenwolken nicht von abbringen. Anne, Moni und Andi wollen heute aber einen motorradfreien Tag einlegen. Sie leihen sich von Hermann die immer zur Verf\u00fcgung stehenden Fahrr\u00e4der. So ganz ohne zwei R\u00e4der geht&#8217;s dann doch nicht&#8230;<\/p>\n<div class=\"tiled-gallery type-rectangular tiled-gallery-unresized\" data-original-width=\"610\" data-carousel-extra='{&quot;blog_id&quot;:1,&quot;permalink&quot;:&quot;http:\\\/\\\/www.bdc-berlin.de\\\/cms\\\/2007-oesterreich-teil-iii\\\/&quot;,&quot;likes_blog_id&quot;:125657278}' itemscope itemtype=\"http:\/\/schema.org\/ImageGallery\" > <div class=\"gallery-row\" style=\"width: 610px; height: 303px;\" data-original-width=\"610\" data-original-height=\"303\" > <div class=\"gallery-group images-1\" style=\"width: 204px; height: 303px;\" data-original-width=\"204\" data-original-height=\"303\" > <div class=\"tiled-gallery-item tiled-gallery-item-small\" itemprop=\"associatedMedia\" itemscope itemtype=\"http:\/\/schema.org\/ImageObject\"> <a href=\"http:\/\/www.bdc-berlin.de\/cms\/2007-oesterreich-teil-iii\/attachment-bild-32\/\" border=\"0\" itemprop=\"url\"> <meta itemprop=\"width\" content=\"200\"> <meta itemprop=\"height\" content=\"299\"> <img decoding=\"async\" class=\"\" data-attachment-id=\"246\" data-orig-file=\"http:\/\/www.bdc-berlin.de\/cms\/wp-content\/uploads\/2012\/02\/Bild%2032.JPG\" data-orig-size=\"427,640\" data-comments-opened=\"1\" data-image-meta=\"{&quot;aperture&quot;:&quot;0&quot;,&quot;credit&quot;:&quot;&quot;,&quot;camera&quot;:&quot;&quot;,&quot;caption&quot;:&quot;&quot;,&quot;created_timestamp&quot;:&quot;0&quot;,&quot;copyright&quot;:&quot;&quot;,&quot;focal_length&quot;:&quot;0&quot;,&quot;iso&quot;:&quot;0&quot;,&quot;shutter_speed&quot;:&quot;0&quot;,&quot;title&quot;:&quot;&quot;,&quot;orientation&quot;:&quot;0&quot;}\" data-image-title=\"Bild 32\" data-image-description=\"\" data-medium-file=\"https:\/\/i0.wp.com\/www.bdc-berlin.de\/cms\/wp-content\/uploads\/2012\/02\/Bild%2032.JPG?fit=200%2C300\" data-large-file=\"https:\/\/i0.wp.com\/www.bdc-berlin.de\/cms\/wp-content\/uploads\/2012\/02\/Bild%2032.JPG?fit=427%2C640\" src=\"https:\/\/i0.wp.com\/www.bdc-berlin.de\/cms\/wp-content\/uploads\/2012\/02\/Bild%2032.JPG?w=200&#038;h=299\" width=\"200\" height=\"299\" loading=\"lazy\" data-original-width=\"200\" data-original-height=\"299\" itemprop=\"http:\/\/schema.org\/image\" title=\"Bild 32\" alt=\"Bild 32\" style=\"width: 200px; height: 299px;\" \/> <\/a> <\/div> <\/div> <!-- close group --> <div class=\"gallery-group images-1\" style=\"width: 204px; height: 303px;\" data-original-width=\"204\" data-original-height=\"303\" > <div class=\"tiled-gallery-item tiled-gallery-item-small\" itemprop=\"associatedMedia\" itemscope itemtype=\"http:\/\/schema.org\/ImageObject\"> <a href=\"http:\/\/www.bdc-berlin.de\/cms\/2007-oesterreich-teil-iii\/attachment-bild-31\/\" border=\"0\" itemprop=\"url\"> <meta itemprop=\"width\" content=\"200\"> <meta itemprop=\"height\" content=\"299\"> <img decoding=\"async\" class=\"\" data-attachment-id=\"245\" data-orig-file=\"http:\/\/www.bdc-berlin.de\/cms\/wp-content\/uploads\/2012\/02\/Bild%2031.JPG\" data-orig-size=\"429,640\" data-comments-opened=\"1\" data-image-meta=\"{&quot;aperture&quot;:&quot;0&quot;,&quot;credit&quot;:&quot;&quot;,&quot;camera&quot;:&quot;&quot;,&quot;caption&quot;:&quot;&quot;,&quot;created_timestamp&quot;:&quot;0&quot;,&quot;copyright&quot;:&quot;&quot;,&quot;focal_length&quot;:&quot;0&quot;,&quot;iso&quot;:&quot;0&quot;,&quot;shutter_speed&quot;:&quot;0&quot;,&quot;title&quot;:&quot;&quot;,&quot;orientation&quot;:&quot;0&quot;}\" data-image-title=\"Bild 31\" data-image-description=\"\" data-medium-file=\"https:\/\/i0.wp.com\/www.bdc-berlin.de\/cms\/wp-content\/uploads\/2012\/02\/Bild%2031.JPG?fit=201%2C300\" data-large-file=\"https:\/\/i0.wp.com\/www.bdc-berlin.de\/cms\/wp-content\/uploads\/2012\/02\/Bild%2031.JPG?fit=429%2C640\" src=\"https:\/\/i0.wp.com\/www.bdc-berlin.de\/cms\/wp-content\/uploads\/2012\/02\/Bild%2031.JPG?w=200&#038;h=299\" width=\"200\" height=\"299\" loading=\"lazy\" data-original-width=\"200\" data-original-height=\"299\" itemprop=\"http:\/\/schema.org\/image\" title=\"Bild 31\" alt=\"Bild 31\" style=\"width: 200px; height: 299px;\" \/> <\/a> <\/div> <\/div> <!-- close group --> <div class=\"gallery-group images-1\" style=\"width: 202px; height: 303px;\" data-original-width=\"202\" data-original-height=\"303\" > <div class=\"tiled-gallery-item tiled-gallery-item-small\" itemprop=\"associatedMedia\" itemscope itemtype=\"http:\/\/schema.org\/ImageObject\"> <a href=\"http:\/\/www.bdc-berlin.de\/cms\/2007-oesterreich-teil-iii\/attachment-bild-30-1\/\" border=\"0\" itemprop=\"url\"> <meta itemprop=\"width\" content=\"198\"> <meta itemprop=\"height\" content=\"299\"> <img decoding=\"async\" class=\"\" data-attachment-id=\"244\" data-orig-file=\"http:\/\/www.bdc-berlin.de\/cms\/wp-content\/uploads\/2012\/02\/Bild%2030.1.JPG\" data-orig-size=\"424,640\" data-comments-opened=\"1\" data-image-meta=\"{&quot;aperture&quot;:&quot;0&quot;,&quot;credit&quot;:&quot;&quot;,&quot;camera&quot;:&quot;&quot;,&quot;caption&quot;:&quot;&quot;,&quot;created_timestamp&quot;:&quot;0&quot;,&quot;copyright&quot;:&quot;&quot;,&quot;focal_length&quot;:&quot;0&quot;,&quot;iso&quot;:&quot;0&quot;,&quot;shutter_speed&quot;:&quot;0&quot;,&quot;title&quot;:&quot;&quot;,&quot;orientation&quot;:&quot;0&quot;}\" data-image-title=\"Bild 30.1\" data-image-description=\"\" data-medium-file=\"https:\/\/i0.wp.com\/www.bdc-berlin.de\/cms\/wp-content\/uploads\/2012\/02\/Bild%2030.1.JPG?fit=199%2C300\" data-large-file=\"https:\/\/i0.wp.com\/www.bdc-berlin.de\/cms\/wp-content\/uploads\/2012\/02\/Bild%2030.1.JPG?fit=424%2C640\" src=\"https:\/\/i0.wp.com\/www.bdc-berlin.de\/cms\/wp-content\/uploads\/2012\/02\/Bild%2030.1.JPG?w=198&#038;h=299\" width=\"198\" height=\"299\" loading=\"lazy\" data-original-width=\"198\" data-original-height=\"299\" itemprop=\"http:\/\/schema.org\/image\" title=\"Bild 30.1\" alt=\"Bild 30.1\" style=\"width: 198px; height: 299px;\" \/> <\/a> <\/div> <\/div> <!-- close group --> <\/div> <!-- close row --> <\/div>\n<p style=\"text-align: justify;\">Nach kurzer Beratung beschlie\u00dfen wir, auf Empfehlung von Hermann, ins &#8222;Lesachtal&#8220; zu fahren. \u00dcber Hermagor geht es immer geradeaus, die B111, nach K\u00f6tschach. Hinter der kleinen Stadt wird die Stra\u00dfe immer spannender zu fahren. Eine gut ausgebaute Stra\u00dfe, mit herrlich sch\u00f6nen Kurven. Das w\u00e4re auch etwas f\u00fcrs Fotoalbum. Einige Kurven weiter ist eine passende Stelle gefunden, Kathi und Sylvia k\u00f6nnen sich nun mit der Kamera postieren. Sch\u00f6ne Filmaufnahmen mit Sylvias high-tech-Kamera w\u00e4re bestimmt nicht verkehrt. Lothar m\u00f6chte sich nicht an dieser &#8222;Darbietung&#8220; aktiv beteiligen. Er kommentiert lieber meine gefahrenen Kurven im Hintergrund. So haben wir alle unseren Spa\u00df. Gut, ich vielleicht den meisten. Nicht nur das ich mich jetzt ganz nach meinem Geschmack an der perfekten Kurve versuchen kann, nein, zus\u00e4tzlich bekomme ich noch schicke Fotos und Filme davon. Schon die Kurve mit 70-80 km\/h anbremsen, runterschalten, bis in den 2. Gang und dann wieder heraus beschleunigen&#8230; Aber jetzt bin ich gespannt auf die Bilder. Kathi hat mit dem Serienmodus der Kamera gute Szenen eingefangen. Aber Sylvia ? Der Ton gut, aber das Bild v\u00f6llig unscharf. Ach Sylvia, ich bin doch keine Blume! Nicht die Kamera auf Makro stellen ;o) Aber nicht so schlimm, ich mache gerne noch mal das Motiv.<\/p>\n<div class=\"tiled-gallery type-rectangular tiled-gallery-unresized\" data-original-width=\"610\" data-carousel-extra='{&quot;blog_id&quot;:1,&quot;permalink&quot;:&quot;http:\\\/\\\/www.bdc-berlin.de\\\/cms\\\/2007-oesterreich-teil-iii\\\/&quot;,&quot;likes_blog_id&quot;:125657278}' itemscope itemtype=\"http:\/\/schema.org\/ImageGallery\" > <div class=\"gallery-row\" style=\"width: 610px; height: 302px;\" data-original-width=\"610\" data-original-height=\"302\" > <div class=\"gallery-group images-1\" style=\"width: 203px; height: 302px;\" data-original-width=\"203\" data-original-height=\"302\" > <div class=\"tiled-gallery-item tiled-gallery-item-small\" itemprop=\"associatedMedia\" itemscope itemtype=\"http:\/\/schema.org\/ImageObject\"> <a href=\"http:\/\/www.bdc-berlin.de\/cms\/2007-oesterreich-teil-iii\/attachment-bild-35\/\" border=\"0\" itemprop=\"url\"> <meta itemprop=\"width\" content=\"199\"> <meta itemprop=\"height\" content=\"298\"> <img decoding=\"async\" class=\"\" data-attachment-id=\"249\" data-orig-file=\"http:\/\/www.bdc-berlin.de\/cms\/wp-content\/uploads\/2012\/02\/Bild%2035.JPG\" data-orig-size=\"427,640\" data-comments-opened=\"1\" data-image-meta=\"{&quot;aperture&quot;:&quot;0&quot;,&quot;credit&quot;:&quot;&quot;,&quot;camera&quot;:&quot;&quot;,&quot;caption&quot;:&quot;&quot;,&quot;created_timestamp&quot;:&quot;0&quot;,&quot;copyright&quot;:&quot;&quot;,&quot;focal_length&quot;:&quot;0&quot;,&quot;iso&quot;:&quot;0&quot;,&quot;shutter_speed&quot;:&quot;0&quot;,&quot;title&quot;:&quot;&quot;,&quot;orientation&quot;:&quot;0&quot;}\" data-image-title=\"Bild 35\" data-image-description=\"\" data-medium-file=\"https:\/\/i0.wp.com\/www.bdc-berlin.de\/cms\/wp-content\/uploads\/2012\/02\/Bild%2035.JPG?fit=200%2C300\" data-large-file=\"https:\/\/i0.wp.com\/www.bdc-berlin.de\/cms\/wp-content\/uploads\/2012\/02\/Bild%2035.JPG?fit=427%2C640\" src=\"https:\/\/i0.wp.com\/www.bdc-berlin.de\/cms\/wp-content\/uploads\/2012\/02\/Bild%2035.JPG?w=199&#038;h=298\" width=\"199\" height=\"298\" loading=\"lazy\" data-original-width=\"199\" data-original-height=\"298\" itemprop=\"http:\/\/schema.org\/image\" title=\"Bild 35\" alt=\"Bild 35\" style=\"width: 199px; height: 298px;\" \/> <\/a> <\/div> <\/div> <!-- close group --> <div class=\"gallery-group images-1\" style=\"width: 203px; height: 302px;\" data-original-width=\"203\" data-original-height=\"302\" > <div class=\"tiled-gallery-item tiled-gallery-item-small\" itemprop=\"associatedMedia\" itemscope itemtype=\"http:\/\/schema.org\/ImageObject\"> <a href=\"http:\/\/www.bdc-berlin.de\/cms\/2007-oesterreich-teil-iii\/attachment-bild-34\/\" border=\"0\" itemprop=\"url\"> <meta itemprop=\"width\" content=\"199\"> <meta itemprop=\"height\" content=\"298\"> <img decoding=\"async\" class=\"\" data-attachment-id=\"248\" data-orig-file=\"http:\/\/www.bdc-berlin.de\/cms\/wp-content\/uploads\/2012\/02\/Bild%2034.JPG\" data-orig-size=\"427,640\" data-comments-opened=\"1\" data-image-meta=\"{&quot;aperture&quot;:&quot;0&quot;,&quot;credit&quot;:&quot;&quot;,&quot;camera&quot;:&quot;&quot;,&quot;caption&quot;:&quot;&quot;,&quot;created_timestamp&quot;:&quot;0&quot;,&quot;copyright&quot;:&quot;&quot;,&quot;focal_length&quot;:&quot;0&quot;,&quot;iso&quot;:&quot;0&quot;,&quot;shutter_speed&quot;:&quot;0&quot;,&quot;title&quot;:&quot;&quot;,&quot;orientation&quot;:&quot;0&quot;}\" data-image-title=\"Bild 34\" data-image-description=\"\" data-medium-file=\"https:\/\/i0.wp.com\/www.bdc-berlin.de\/cms\/wp-content\/uploads\/2012\/02\/Bild%2034.JPG?fit=200%2C300\" data-large-file=\"https:\/\/i0.wp.com\/www.bdc-berlin.de\/cms\/wp-content\/uploads\/2012\/02\/Bild%2034.JPG?fit=427%2C640\" src=\"https:\/\/i0.wp.com\/www.bdc-berlin.de\/cms\/wp-content\/uploads\/2012\/02\/Bild%2034.JPG?w=199&#038;h=298\" width=\"199\" height=\"298\" loading=\"lazy\" data-original-width=\"199\" data-original-height=\"298\" itemprop=\"http:\/\/schema.org\/image\" title=\"Bild 34\" alt=\"Bild 34\" style=\"width: 199px; height: 298px;\" \/> <\/a> <\/div> <\/div> <!-- close group --> <div class=\"gallery-group images-1\" style=\"width: 204px; height: 302px;\" data-original-width=\"204\" data-original-height=\"302\" > <div class=\"tiled-gallery-item tiled-gallery-item-small\" itemprop=\"associatedMedia\" itemscope itemtype=\"http:\/\/schema.org\/ImageObject\"> <a href=\"http:\/\/www.bdc-berlin.de\/cms\/2007-oesterreich-teil-iii\/attachment-bild-33\/\" border=\"0\" itemprop=\"url\"> <meta itemprop=\"width\" content=\"200\"> <meta itemprop=\"height\" content=\"298\"> <img decoding=\"async\" class=\"\" data-attachment-id=\"247\" data-orig-file=\"http:\/\/www.bdc-berlin.de\/cms\/wp-content\/uploads\/2012\/02\/Bild%2033.JPG\" data-orig-size=\"430,640\" data-comments-opened=\"1\" data-image-meta=\"{&quot;aperture&quot;:&quot;0&quot;,&quot;credit&quot;:&quot;&quot;,&quot;camera&quot;:&quot;&quot;,&quot;caption&quot;:&quot;&quot;,&quot;created_timestamp&quot;:&quot;0&quot;,&quot;copyright&quot;:&quot;&quot;,&quot;focal_length&quot;:&quot;0&quot;,&quot;iso&quot;:&quot;0&quot;,&quot;shutter_speed&quot;:&quot;0&quot;,&quot;title&quot;:&quot;&quot;,&quot;orientation&quot;:&quot;0&quot;}\" data-image-title=\"Bild 33\" data-image-description=\"\" data-medium-file=\"https:\/\/i0.wp.com\/www.bdc-berlin.de\/cms\/wp-content\/uploads\/2012\/02\/Bild%2033.JPG?fit=202%2C300\" data-large-file=\"https:\/\/i0.wp.com\/www.bdc-berlin.de\/cms\/wp-content\/uploads\/2012\/02\/Bild%2033.JPG?fit=430%2C640\" src=\"https:\/\/i0.wp.com\/www.bdc-berlin.de\/cms\/wp-content\/uploads\/2012\/02\/Bild%2033.JPG?w=200&#038;h=298\" width=\"200\" height=\"298\" loading=\"lazy\" data-original-width=\"200\" data-original-height=\"298\" itemprop=\"http:\/\/schema.org\/image\" title=\"Bild 33\" alt=\"Bild 33\" style=\"width: 200px; height: 298px;\" \/> <\/a> <\/div> <\/div> <!-- close group --> <\/div> <!-- close row --> <\/div>\n<p style=\"text-align: justify;\">Weiter geht&#8217;s, auf den so sch\u00f6nen Gailbergsattel runter nach Oberdrauburg. Und nun muss ich mich wundern, denn stand da nicht gerade ein Hinweisschild Richtung Gro\u00dfglockner? Jetzt muss ich einen Blick auf die Karte werfen. Tats\u00e4chlich, falsch abgefahren. Wir h\u00e4tten doch in K\u00f6tschach Richtung Mauthen abbiegen m\u00fcssen. Nur w\u00e4ren wir dann nicht den sch\u00f6nen Gailbergsattel gefahren. Wie kommen wir jetzt ins Lesachtal? Zur\u00fcck \u00fcber den Gailberg ? W\u00e4re nicht schlecht, aber sehr weit! Also fahren wir von hinten in das Tal. Dazu m\u00fcssen wir durch die Stadt Lienz. Die Stadt Lienz zu fahren ist am heutigen Tag wahrlich kein Vergn\u00fcgen. Wie immer viel zu voll und subtropisch warm. Auch die B 100 macht keine Freude, wenn man von geisteskranken Autofahrern geschnitten wird. Warum stehen wohl \u00dcberholverbotsschilder in der Kurve, an der Bergkuppe? Zeit f\u00fcr eine Jause die Lothar bestimmt schon erwartet. Doch trotz h\u00fcbscher Landschaft fehlen die passenden &#8222;h\u00fcbschen&#8220; Menschen. Weder die Biker die neben uns Pause machen sind appetitlich, noch die Jause rei\u00dft einen vom Hocker. Aber auch der Opa mit seinen zwei verschieden farbigen Socken macht uns die Weiterfahrt leichter.<\/p>\n<div class=\"tiled-gallery type-rectangular tiled-gallery-unresized\" data-original-width=\"610\" data-carousel-extra='{&quot;blog_id&quot;:1,&quot;permalink&quot;:&quot;http:\\\/\\\/www.bdc-berlin.de\\\/cms\\\/2007-oesterreich-teil-iii\\\/&quot;,&quot;likes_blog_id&quot;:125657278}' itemscope itemtype=\"http:\/\/schema.org\/ImageGallery\" > <div class=\"gallery-row\" style=\"width: 610px; height: 295px;\" data-original-width=\"610\" data-original-height=\"295\" > <div class=\"gallery-group images-1\" style=\"width: 223px; height: 295px;\" data-original-width=\"223\" data-original-height=\"295\" > <div class=\"tiled-gallery-item tiled-gallery-item-small\" itemprop=\"associatedMedia\" itemscope itemtype=\"http:\/\/schema.org\/ImageObject\"> <a href=\"http:\/\/www.bdc-berlin.de\/cms\/2007-oesterreich-teil-iii\/attachment-bild-36\/\" border=\"0\" itemprop=\"url\"> <meta itemprop=\"width\" content=\"219\"> <meta itemprop=\"height\" content=\"291\"> <img decoding=\"async\" class=\"\" data-attachment-id=\"250\" data-orig-file=\"http:\/\/www.bdc-berlin.de\/cms\/wp-content\/uploads\/2012\/02\/Bild%2036.JPG\" data-orig-size=\"480,638\" data-comments-opened=\"1\" data-image-meta=\"{&quot;aperture&quot;:&quot;0&quot;,&quot;credit&quot;:&quot;&quot;,&quot;camera&quot;:&quot;&quot;,&quot;caption&quot;:&quot;&quot;,&quot;created_timestamp&quot;:&quot;0&quot;,&quot;copyright&quot;:&quot;&quot;,&quot;focal_length&quot;:&quot;0&quot;,&quot;iso&quot;:&quot;0&quot;,&quot;shutter_speed&quot;:&quot;0&quot;,&quot;title&quot;:&quot;&quot;,&quot;orientation&quot;:&quot;0&quot;}\" data-image-title=\"Bild 36\" data-image-description=\"\" data-medium-file=\"https:\/\/i0.wp.com\/www.bdc-berlin.de\/cms\/wp-content\/uploads\/2012\/02\/Bild%2036.JPG?fit=226%2C300\" data-large-file=\"https:\/\/i0.wp.com\/www.bdc-berlin.de\/cms\/wp-content\/uploads\/2012\/02\/Bild%2036.JPG?fit=480%2C638\" src=\"https:\/\/i0.wp.com\/www.bdc-berlin.de\/cms\/wp-content\/uploads\/2012\/02\/Bild%2036.JPG?w=219&#038;h=291\" width=\"219\" height=\"291\" loading=\"lazy\" data-original-width=\"219\" data-original-height=\"291\" itemprop=\"http:\/\/schema.org\/image\" title=\"Bild 36\" alt=\"Bild 36\" style=\"width: 219px; height: 291px;\" \/> <\/a> <\/div> <\/div> <!-- close group --> <div class=\"gallery-group images-1\" style=\"width: 387px; height: 295px;\" data-original-width=\"387\" data-original-height=\"295\" > <div class=\"tiled-gallery-item tiled-gallery-item-large\" itemprop=\"associatedMedia\" itemscope itemtype=\"http:\/\/schema.org\/ImageObject\"> <a href=\"http:\/\/www.bdc-berlin.de\/cms\/2007-oesterreich-teil-iii\/attachment-bild-37\/\" border=\"0\" itemprop=\"url\"> <meta itemprop=\"width\" content=\"383\"> <meta itemprop=\"height\" content=\"291\"> <img decoding=\"async\" class=\"\" data-attachment-id=\"251\" data-orig-file=\"http:\/\/www.bdc-berlin.de\/cms\/wp-content\/uploads\/2012\/02\/Bild%2037.JPG\" data-orig-size=\"633,480\" data-comments-opened=\"1\" data-image-meta=\"{&quot;aperture&quot;:&quot;0&quot;,&quot;credit&quot;:&quot;&quot;,&quot;camera&quot;:&quot;&quot;,&quot;caption&quot;:&quot;&quot;,&quot;created_timestamp&quot;:&quot;0&quot;,&quot;copyright&quot;:&quot;&quot;,&quot;focal_length&quot;:&quot;0&quot;,&quot;iso&quot;:&quot;0&quot;,&quot;shutter_speed&quot;:&quot;0&quot;,&quot;title&quot;:&quot;&quot;,&quot;orientation&quot;:&quot;0&quot;}\" data-image-title=\"Bild 37\" data-image-description=\"\" data-medium-file=\"https:\/\/i0.wp.com\/www.bdc-berlin.de\/cms\/wp-content\/uploads\/2012\/02\/Bild%2037.JPG?fit=300%2C227\" data-large-file=\"https:\/\/i0.wp.com\/www.bdc-berlin.de\/cms\/wp-content\/uploads\/2012\/02\/Bild%2037.JPG?fit=610%2C463\" src=\"https:\/\/i0.wp.com\/www.bdc-berlin.de\/cms\/wp-content\/uploads\/2012\/02\/Bild%2037.JPG?w=383&#038;h=291\" width=\"383\" height=\"291\" loading=\"lazy\" data-original-width=\"383\" data-original-height=\"291\" itemprop=\"http:\/\/schema.org\/image\" title=\"Bild 37\" alt=\"Bild 37\" style=\"width: 383px; height: 291px;\" \/> <\/a> <\/div> <\/div> <!-- close group --> <\/div> <!-- close row --> <div class=\"gallery-row\" style=\"width: 610px; height: 807px;\" data-original-width=\"610\" data-original-height=\"807\" > <div class=\"gallery-group images-1\" style=\"width: 610px; height: 807px;\" data-original-width=\"610\" data-original-height=\"807\" > <div class=\"tiled-gallery-item tiled-gallery-item-large\" itemprop=\"associatedMedia\" itemscope itemtype=\"http:\/\/schema.org\/ImageObject\"> <a href=\"http:\/\/www.bdc-berlin.de\/cms\/2007-oesterreich-teil-iii\/attachment-bild-38\/\" border=\"0\" itemprop=\"url\"> <meta itemprop=\"width\" content=\"606\"> <meta itemprop=\"height\" content=\"803\"> <img decoding=\"async\" class=\"\" data-attachment-id=\"252\" data-orig-file=\"http:\/\/www.bdc-berlin.de\/cms\/wp-content\/uploads\/2012\/02\/Bild%2038.JPG\" data-orig-size=\"480,636\" data-comments-opened=\"1\" data-image-meta=\"{&quot;aperture&quot;:&quot;0&quot;,&quot;credit&quot;:&quot;&quot;,&quot;camera&quot;:&quot;&quot;,&quot;caption&quot;:&quot;&quot;,&quot;created_timestamp&quot;:&quot;0&quot;,&quot;copyright&quot;:&quot;&quot;,&quot;focal_length&quot;:&quot;0&quot;,&quot;iso&quot;:&quot;0&quot;,&quot;shutter_speed&quot;:&quot;0&quot;,&quot;title&quot;:&quot;&quot;,&quot;orientation&quot;:&quot;0&quot;}\" data-image-title=\"Bild 38\" data-image-description=\"\" data-medium-file=\"https:\/\/i0.wp.com\/www.bdc-berlin.de\/cms\/wp-content\/uploads\/2012\/02\/Bild%2038.JPG?fit=226%2C300\" data-large-file=\"https:\/\/i0.wp.com\/www.bdc-berlin.de\/cms\/wp-content\/uploads\/2012\/02\/Bild%2038.JPG?fit=480%2C636\" src=\"https:\/\/i0.wp.com\/www.bdc-berlin.de\/cms\/wp-content\/uploads\/2012\/02\/Bild%2038.JPG?w=606&#038;h=803\" width=\"606\" height=\"803\" loading=\"lazy\" data-original-width=\"606\" data-original-height=\"803\" itemprop=\"http:\/\/schema.org\/image\" title=\"Bild 38\" alt=\"Bild 38\" style=\"width: 606px; height: 803px;\" \/> <\/a> <\/div> <\/div> <!-- close group --> <\/div> <!-- close row --> <\/div>\n<p style=\"text-align: justify;\">Also fahren wir weiter nach Maria-Luggau. In der Lichtkapelle entz\u00fcnden wir erstmal ein Licht um in der Kirche f\u00fcr eine gute Heimfahrt und besseres Wetter (denn es hat begonnen zu regnen) zu beten. Sylvia w\u00fcrde gerne die Klosterbr\u00fcder kennen lernen und vielleicht ergibt sich dadurch eine \u00dcbernachtungsm\u00f6glichkeit f\u00fcr sie.<\/p>\n<p style=\"text-align: justify;\"><a href=\"https:\/\/i0.wp.com\/www.bdc-berlin.de\/cms\/wp-content\/uploads\/2012\/02\/Bild%2039.JPG\"><img data-recalc-dims=\"1\" loading=\"lazy\" decoding=\"async\" data-attachment-id=\"253\" data-permalink=\"http:\/\/www.bdc-berlin.de\/cms\/2007-oesterreich-teil-iii\/attachment-bild-39\/\" data-orig-file=\"https:\/\/i0.wp.com\/www.bdc-berlin.de\/cms\/wp-content\/uploads\/2012\/02\/Bild%2039.JPG?fit=638%2C480\" data-orig-size=\"638,480\" data-comments-opened=\"1\" data-image-meta=\"{&quot;aperture&quot;:&quot;0&quot;,&quot;credit&quot;:&quot;&quot;,&quot;camera&quot;:&quot;&quot;,&quot;caption&quot;:&quot;&quot;,&quot;created_timestamp&quot;:&quot;0&quot;,&quot;copyright&quot;:&quot;&quot;,&quot;focal_length&quot;:&quot;0&quot;,&quot;iso&quot;:&quot;0&quot;,&quot;shutter_speed&quot;:&quot;0&quot;,&quot;title&quot;:&quot;&quot;,&quot;orientation&quot;:&quot;0&quot;}\" data-image-title=\"Bild 39\" data-image-description=\"\" data-image-caption=\"\" data-large-file=\"https:\/\/i0.wp.com\/www.bdc-berlin.de\/cms\/wp-content\/uploads\/2012\/02\/Bild%2039.JPG?fit=610%2C459\" class=\"aligncenter wp-image-253 size-medium\" style=\"border: 0px currentColor;\" src=\"https:\/\/i0.wp.com\/www.bdc-berlin.de\/cms\/wp-content\/uploads\/2012\/02\/Bild%2039-300x226.jpg?resize=300%2C226\" alt=\"\" width=\"300\" height=\"226\" border=\"0\" srcset=\"https:\/\/i0.wp.com\/www.bdc-berlin.de\/cms\/wp-content\/uploads\/2012\/02\/Bild%2039.JPG?resize=300%2C226 300w, https:\/\/i0.wp.com\/www.bdc-berlin.de\/cms\/wp-content\/uploads\/2012\/02\/Bild%2039.JPG?w=638 638w\" sizes=\"auto, (max-width: 300px) 100vw, 300px\" \/><\/a><\/p>\n<p style=\"text-align: justify;\">Bei der Weiterfahrt stellen wir fest, dass die Stra\u00dfen im Lesachtal wundersch\u00f6n gelegen, aber in unterschiedlich gutem Ausbauzustand sind. So folgt auf eine gut ausgebaute Grade eine 90\u00ba Kurve mit anschlie\u00dfendem buckligen Belag. Aber was soll passieren, wir haben eine Kerze angez\u00fcndet und fahren mit Gottes Segen. Zum Beweis rei\u00dft der Himmel wieder auf und die Stra\u00dfe trocknet ab. Das gibt mir Mut f\u00fcr einen neuen Versuch ein sch\u00f6nes St\u00fcck Film beim Motorrad zu drehen. &#8222;Film ab Sylvie!&#8220; Ja der Ton ist gut, aber wo ist das Moped? Bevor es in die Pension zur\u00fcckgeht, m\u00fcssen wir in Hermagor bei Hofer noch einen Stopp einlegen, um die Zutaten f\u00fcrs Abendbrot einzukaufen. Doch es f\u00e4ngt schon wieder einmal zu tr\u00f6pfeln an. So beschlie\u00dfen wir in unserem Lieblingscafe einzukehren um uns ein St\u00fcck Torte und einen Kaffee zu g\u00f6nnen. Das haben wir uns verdient. Nachdem wir die Torte aufgefuttert und den Kaffee geschl\u00fcrft haben treffen wir auch unsere m\u00fcden Biker auf ihren Fahrr\u00e4dern. So klein ist Hermagor. Nun aber zu Hofer, bevor noch einer verhungert. Rein zu Hofer, zuschlagen, runter vom Hofer. Nach Hause, denke ich gerade, als vor mir ein Gel\u00e4ndewagen abbiegt und hinter diesem eine junge Frau selbstsicher die Strasse \u00fcber den Zebrastreifen betritt. \u00dcberrascht, da ich die Frau vorher nicht sah werfe ich die Anker und komme noch rechtzeitig zum stehen, als ich ein schabendes Ger\u00e4usch h\u00f6re. In diesem Moment schie\u00dft Lothar und Silvia mit ihrer BMW, fast auf dem Zahnfleisch robbend, rechts an der Bordsteinkante schleifend an uns vorbei und kommt gerade noch rechtzeitig auf der regennassen Fahrbahn zum stehen. Die junge Frau v\u00f6llig verst\u00e4ndnislos, zieht unbeschadet mit sch\u00fcttelndem Kopf von dannen. Gut, mit ABS w\u00e4re das nicht passiert, aber muss man so selbstverst\u00e4ndlich die Stra\u00dfe \u00fcberqueren? Lothars Gesichtsfarbe unterschied sich jedenfalls in diesem Augenblick nicht wirklich von der wei\u00dfen Lackierung seines Helmes. Nun treffen sich die Biker wieder, mit und ohne Motor. Lothar geht bei einem Pflaumenschnaps noch mal die Strecke durch und den Schreck des vermiedenen Sturzes, bevor es endlich &#8222;Spaghetti alla Andi&#8220; gibt. Mit einer sch\u00f6nen Partie &#8222;UNO&#8220; am Kamin k\u00f6nnen wir auch diesen Tag gelungen zu Ende bringen.<\/p>\n<div class=\"tiled-gallery type-rectangular tiled-gallery-unresized\" data-original-width=\"610\" data-carousel-extra='{&quot;blog_id&quot;:1,&quot;permalink&quot;:&quot;http:\\\/\\\/www.bdc-berlin.de\\\/cms\\\/2007-oesterreich-teil-iii\\\/&quot;,&quot;likes_blog_id&quot;:125657278}' itemscope itemtype=\"http:\/\/schema.org\/ImageGallery\" > <div class=\"gallery-row\" style=\"width: 610px; height: 231px;\" data-original-width=\"610\" data-original-height=\"231\" > <div class=\"gallery-group images-1\" style=\"width: 305px; height: 231px;\" data-original-width=\"305\" data-original-height=\"231\" > <div class=\"tiled-gallery-item tiled-gallery-item-large\" itemprop=\"associatedMedia\" itemscope itemtype=\"http:\/\/schema.org\/ImageObject\"> <a href=\"http:\/\/www.bdc-berlin.de\/cms\/2007-oesterreich-teil-iii\/attachment-bild-41\/\" border=\"0\" itemprop=\"url\"> <meta itemprop=\"width\" content=\"301\"> <meta itemprop=\"height\" content=\"227\"> <img decoding=\"async\" class=\"\" data-attachment-id=\"255\" data-orig-file=\"http:\/\/www.bdc-berlin.de\/cms\/wp-content\/uploads\/2012\/02\/Bild%2041.JPG\" data-orig-size=\"636,480\" data-comments-opened=\"1\" data-image-meta=\"{&quot;aperture&quot;:&quot;0&quot;,&quot;credit&quot;:&quot;&quot;,&quot;camera&quot;:&quot;&quot;,&quot;caption&quot;:&quot;&quot;,&quot;created_timestamp&quot;:&quot;0&quot;,&quot;copyright&quot;:&quot;&quot;,&quot;focal_length&quot;:&quot;0&quot;,&quot;iso&quot;:&quot;0&quot;,&quot;shutter_speed&quot;:&quot;0&quot;,&quot;title&quot;:&quot;&quot;,&quot;orientation&quot;:&quot;0&quot;}\" data-image-title=\"Bild 41\" data-image-description=\"\" data-medium-file=\"https:\/\/i0.wp.com\/www.bdc-berlin.de\/cms\/wp-content\/uploads\/2012\/02\/Bild%2041.JPG?fit=300%2C226\" data-large-file=\"https:\/\/i0.wp.com\/www.bdc-berlin.de\/cms\/wp-content\/uploads\/2012\/02\/Bild%2041.JPG?fit=610%2C460\" src=\"https:\/\/i0.wp.com\/www.bdc-berlin.de\/cms\/wp-content\/uploads\/2012\/02\/Bild%2041.JPG?w=301&#038;h=227\" width=\"301\" height=\"227\" loading=\"lazy\" data-original-width=\"301\" data-original-height=\"227\" itemprop=\"http:\/\/schema.org\/image\" title=\"Bild 41\" alt=\"Bild 41\" style=\"width: 301px; height: 227px;\" \/> <\/a> <\/div> <\/div> <!-- close group --> <div class=\"gallery-group images-1\" style=\"width: 305px; height: 231px;\" data-original-width=\"305\" data-original-height=\"231\" > <div class=\"tiled-gallery-item tiled-gallery-item-large\" itemprop=\"associatedMedia\" itemscope itemtype=\"http:\/\/schema.org\/ImageObject\"> <a href=\"http:\/\/www.bdc-berlin.de\/cms\/2007-oesterreich-teil-iii\/attachment-bild-40\/\" border=\"0\" itemprop=\"url\"> <meta itemprop=\"width\" content=\"301\"> <meta itemprop=\"height\" content=\"227\"> <img decoding=\"async\" class=\"\" data-attachment-id=\"254\" data-orig-file=\"http:\/\/www.bdc-berlin.de\/cms\/wp-content\/uploads\/2012\/02\/Bild%2040.JPG\" data-orig-size=\"636,480\" data-comments-opened=\"1\" data-image-meta=\"{&quot;aperture&quot;:&quot;0&quot;,&quot;credit&quot;:&quot;&quot;,&quot;camera&quot;:&quot;&quot;,&quot;caption&quot;:&quot;&quot;,&quot;created_timestamp&quot;:&quot;0&quot;,&quot;copyright&quot;:&quot;&quot;,&quot;focal_length&quot;:&quot;0&quot;,&quot;iso&quot;:&quot;0&quot;,&quot;shutter_speed&quot;:&quot;0&quot;,&quot;title&quot;:&quot;&quot;,&quot;orientation&quot;:&quot;0&quot;}\" data-image-title=\"Bild 40\" data-image-description=\"\" data-medium-file=\"https:\/\/i0.wp.com\/www.bdc-berlin.de\/cms\/wp-content\/uploads\/2012\/02\/Bild%2040.JPG?fit=300%2C226\" data-large-file=\"https:\/\/i0.wp.com\/www.bdc-berlin.de\/cms\/wp-content\/uploads\/2012\/02\/Bild%2040.JPG?fit=610%2C460\" src=\"https:\/\/i0.wp.com\/www.bdc-berlin.de\/cms\/wp-content\/uploads\/2012\/02\/Bild%2040.JPG?w=301&#038;h=227\" width=\"301\" height=\"227\" loading=\"lazy\" data-original-width=\"301\" data-original-height=\"227\" itemprop=\"http:\/\/schema.org\/image\" title=\"Bild 40\" alt=\"Bild 40\" style=\"width: 301px; height: 227px;\" \/> <\/a> <\/div> <\/div> <!-- close group --> <\/div> <!-- close row --> <\/div>\n<p style=\"text-align: justify;\"><!--nextpage--><\/p>\n<h2 style=\"text-align: justify;\">Dienstag, 05. Juni 2007<\/h2>\n<p style=\"text-align: justify;\">Fahren wir, oder fahren wir nicht? Das Fr\u00fchst\u00fcck ist schon im Magen, der Tisch abger\u00e4umt<br \/>\nund drau\u00dfen regnet es sich so richtig aus. Kathi und ich wollten heute zum Gro\u00dfglockner fahren und auf der Edelwei\u00dfspitze unsere Skifreunde Inge und Hubert treffen. Doch bei diesem Wetter kommen auch uns Zweifel und der Wetterbericht macht uns kaum Hoffnungen. Doch wir k\u00f6nnen nicht ewig warten, denn die Beiden warten auch auf uns.<\/p>\n<p style=\"text-align: justify;\"><a href=\"https:\/\/i0.wp.com\/www.bdc-berlin.de\/cms\/wp-content\/uploads\/2012\/02\/Bild%2042.JPG\"><img data-recalc-dims=\"1\" loading=\"lazy\" decoding=\"async\" data-attachment-id=\"256\" data-permalink=\"http:\/\/www.bdc-berlin.de\/cms\/2007-oesterreich-teil-iii\/attachment-bild-42\/\" data-orig-file=\"https:\/\/i0.wp.com\/www.bdc-berlin.de\/cms\/wp-content\/uploads\/2012\/02\/Bild%2042.JPG?fit=640%2C480\" data-orig-size=\"640,480\" data-comments-opened=\"1\" data-image-meta=\"{&quot;aperture&quot;:&quot;0&quot;,&quot;credit&quot;:&quot;&quot;,&quot;camera&quot;:&quot;&quot;,&quot;caption&quot;:&quot;&quot;,&quot;created_timestamp&quot;:&quot;0&quot;,&quot;copyright&quot;:&quot;&quot;,&quot;focal_length&quot;:&quot;0&quot;,&quot;iso&quot;:&quot;0&quot;,&quot;shutter_speed&quot;:&quot;0&quot;,&quot;title&quot;:&quot;&quot;,&quot;orientation&quot;:&quot;0&quot;}\" data-image-title=\"Bild 42\" data-image-description=\"\" data-image-caption=\"\" data-large-file=\"https:\/\/i0.wp.com\/www.bdc-berlin.de\/cms\/wp-content\/uploads\/2012\/02\/Bild%2042.JPG?fit=610%2C458\" class=\"alignleft wp-image-256 size-thumbnail\" style=\"border: 0px currentColor;\" src=\"https:\/\/i0.wp.com\/www.bdc-berlin.de\/cms\/wp-content\/uploads\/2012\/02\/Bild%2042-150x150.jpg?resize=150%2C150\" alt=\"\" width=\"150\" height=\"150\" border=\"0\" srcset=\"https:\/\/i0.wp.com\/www.bdc-berlin.de\/cms\/wp-content\/uploads\/2012\/02\/Bild%2042.JPG?resize=150%2C150 150w, https:\/\/i0.wp.com\/www.bdc-berlin.de\/cms\/wp-content\/uploads\/2012\/02\/Bild%2042.JPG?zoom=2&amp;resize=150%2C150 300w, https:\/\/i0.wp.com\/www.bdc-berlin.de\/cms\/wp-content\/uploads\/2012\/02\/Bild%2042.JPG?zoom=3&amp;resize=150%2C150 450w\" sizes=\"auto, (max-width: 150px) 100vw, 150px\" \/><\/a>Nach und nach entschlie\u00dft sich auch der letzte die Fahrt ins feuchte Element anzutreten. Nur Annes alte Honda m\u00f6chte lieber in der trockenen Garage stehen bleiben und verweigert jeden Startversuch. Heute verfahre ich mich nicht mehr! Obwohl wir gegen die Str\u00f6mung fahren finde ich auch ohne Kompass die Ufer des Gailbergs. Als Kapit\u00e4n ist mir diese Richtung von gestern noch sehr vertraut. Es ist schade, dass wir die Kurven heute nicht so genie\u00dfen k\u00f6nnen wie am Vortag. Auch hinter Oberdrauburg, Lienz und Winklern wird es nicht sch\u00f6ner. Nach Heiligenblut geht es hinauf zur Mautstation. Kurz anhalten, sind alle da? Wenig Freude ist in den Gesichtern zu erkennen. Handschuh, Jacke, Hose und Schuhe halten nicht was der Hersteller verspricht. Im Schritt der Hose wird man an seine fr\u00fchste Kindheit erinnert, oder an das was noch mal auf einen zukommt. Schnell die Maut bezahlt und rauf auf die Gro\u00dfglockner-Hochalpenstrasse. Am Abzweig zur Franz-Josefs-H\u00f6he verlieren sich die Wege unserer Gruppe. Kathi und ich fahren dem Hochtor entgegen um nach einer Stunde Versp\u00e4tung Inge und Hubert noch zu treffen. Wir fahren mitten in die Wolken hinein und die Sicht wird immer d\u00fcrftiger. Es kommt einem so vor als m\u00f6chte Petrus pers\u00f6nlich das Treffen verhindern. Kleine Sturzb\u00e4che kommen uns auf der Fahrbahn entgegen. Den am Stra\u00dfenrand stehenden Schafen h\u00e4ngt die Wolle auch schon bis zum Boden. Doch da ist die Edelwei\u00dfspitze mit ihrem Gasthaus erreicht. Kaum die feuchten Klamotten vom Moped gehoben, kommen uns auch schon die Beiden, die so lange auf uns warten mussten, entgegen. Kathi zieht es die Schuhe aus als wir im Restaurant platz nehmen.<\/p>\n<p style=\"text-align: justify;\"><a href=\"https:\/\/i0.wp.com\/www.bdc-berlin.de\/cms\/wp-content\/uploads\/2012\/02\/Bild%2043.JPG\"><img data-recalc-dims=\"1\" loading=\"lazy\" decoding=\"async\" data-attachment-id=\"257\" data-permalink=\"http:\/\/www.bdc-berlin.de\/cms\/2007-oesterreich-teil-iii\/attachment-bild-43\/\" data-orig-file=\"https:\/\/i0.wp.com\/www.bdc-berlin.de\/cms\/wp-content\/uploads\/2012\/02\/Bild%2043.JPG?fit=638%2C480\" data-orig-size=\"638,480\" data-comments-opened=\"1\" data-image-meta=\"{&quot;aperture&quot;:&quot;0&quot;,&quot;credit&quot;:&quot;&quot;,&quot;camera&quot;:&quot;&quot;,&quot;caption&quot;:&quot;&quot;,&quot;created_timestamp&quot;:&quot;0&quot;,&quot;copyright&quot;:&quot;&quot;,&quot;focal_length&quot;:&quot;0&quot;,&quot;iso&quot;:&quot;0&quot;,&quot;shutter_speed&quot;:&quot;0&quot;,&quot;title&quot;:&quot;&quot;,&quot;orientation&quot;:&quot;0&quot;}\" data-image-title=\"Bild 43\" data-image-description=\"\" data-image-caption=\"\" data-large-file=\"https:\/\/i0.wp.com\/www.bdc-berlin.de\/cms\/wp-content\/uploads\/2012\/02\/Bild%2043.JPG?fit=610%2C459\" class=\"alignright wp-image-257 size-thumbnail\" style=\"border: 0px currentColor;\" src=\"https:\/\/i0.wp.com\/www.bdc-berlin.de\/cms\/wp-content\/uploads\/2012\/02\/Bild%2043-150x150.jpg?resize=150%2C150\" alt=\"\" width=\"150\" height=\"150\" border=\"0\" srcset=\"https:\/\/i0.wp.com\/www.bdc-berlin.de\/cms\/wp-content\/uploads\/2012\/02\/Bild%2043.JPG?resize=150%2C150 150w, https:\/\/i0.wp.com\/www.bdc-berlin.de\/cms\/wp-content\/uploads\/2012\/02\/Bild%2043.JPG?zoom=2&amp;resize=150%2C150 300w, https:\/\/i0.wp.com\/www.bdc-berlin.de\/cms\/wp-content\/uploads\/2012\/02\/Bild%2043.JPG?zoom=3&amp;resize=150%2C150 450w\" sizes=\"auto, (max-width: 150px) 100vw, 150px\" \/><\/a>Nicht etwa vor Freude Inge und Hubert gefunden zu haben, sondern weil ihre Stiefel bis zur Kante voll mit Wasser gelaufen sind. Von Inge bekommt sie die trockenen Zweitsocken und aus dem Shop zwei Plastikt\u00fcten. Eine T\u00fcte f\u00fcr den linken und eine f\u00fcr den rechten Schuh, damit die &#8222;neuen&#8220; Socken nicht gleich wieder durch sind. F\u00fcr die innere W\u00e4rme gibt es Kaffee und Gulaschsuppe.<\/p>\n<p style=\"text-align: justify;\">Nachdem auch die anderen ihren Kaiserschmarrn auf der Franz-Josfs-H\u00f6he verputzt haben treffen sie jetzt auch an der Edelwei\u00dfspitze ein. Alle haben nun wieder bessere Laune denn der Regen ist vorbei und die Stra\u00dfe wird langsam trocken. Nur Lothar sieht noch sehr blass aus, macht ihm und seinem Herz die H\u00f6he doch sehr zu schaffen. Einen gro\u00dfen Vorteil hatte das bis eben noch so schlechte Wetter: Au\u00dfer ein paar Versuchsfahrzeugen die unterwegs sind ist die Panoramastra\u00dfe wie leer gefegt. Und darum entschlie\u00dfen sich Hubert und Inge, &#8222;Willi&#8220;, Kathi und ich noch die Nordseite runter zu d\u00fcsen. Man merkt bei Hubert gleich, dass er sich mit seiner FJR hier wie zu Hause f\u00fchlt. Flott geht es durch die Kurven hinunter bis zur Mautstation. Dort machen wir noch schnell ein Foto und dann geht&#8217;s wieder hinauf. Vorher m\u00fcssen wir uns aber schon wieder von Inge und Hubert verabschieden. Hubert kommt aber noch mal ein St\u00fcck mit hinauf\u2026<\/p>\n<p style=\"text-align: justify;\"><a href=\"https:\/\/i0.wp.com\/www.bdc-berlin.de\/cms\/wp-content\/uploads\/2012\/02\/Bild%2044.JPG\"><img data-recalc-dims=\"1\" loading=\"lazy\" decoding=\"async\" data-attachment-id=\"258\" data-permalink=\"http:\/\/www.bdc-berlin.de\/cms\/2007-oesterreich-teil-iii\/attachment-bild-44\/\" data-orig-file=\"https:\/\/i0.wp.com\/www.bdc-berlin.de\/cms\/wp-content\/uploads\/2012\/02\/Bild%2044.JPG?fit=640%2C426\" data-orig-size=\"640,426\" data-comments-opened=\"1\" data-image-meta=\"{&quot;aperture&quot;:&quot;0&quot;,&quot;credit&quot;:&quot;&quot;,&quot;camera&quot;:&quot;&quot;,&quot;caption&quot;:&quot;&quot;,&quot;created_timestamp&quot;:&quot;0&quot;,&quot;copyright&quot;:&quot;&quot;,&quot;focal_length&quot;:&quot;0&quot;,&quot;iso&quot;:&quot;0&quot;,&quot;shutter_speed&quot;:&quot;0&quot;,&quot;title&quot;:&quot;&quot;,&quot;orientation&quot;:&quot;0&quot;}\" data-image-title=\"Bild 44\" data-image-description=\"\" data-image-caption=\"\" data-large-file=\"https:\/\/i0.wp.com\/www.bdc-berlin.de\/cms\/wp-content\/uploads\/2012\/02\/Bild%2044.JPG?fit=610%2C406\" class=\"alignleft wp-image-258 size-thumbnail\" style=\"border: 0px currentColor;\" src=\"https:\/\/i0.wp.com\/www.bdc-berlin.de\/cms\/wp-content\/uploads\/2012\/02\/Bild%2044-150x150.jpg?resize=150%2C150\" alt=\"\" width=\"150\" height=\"150\" border=\"0\" srcset=\"https:\/\/i0.wp.com\/www.bdc-berlin.de\/cms\/wp-content\/uploads\/2012\/02\/Bild%2044.JPG?resize=150%2C150 150w, https:\/\/i0.wp.com\/www.bdc-berlin.de\/cms\/wp-content\/uploads\/2012\/02\/Bild%2044.JPG?zoom=2&amp;resize=150%2C150 300w, https:\/\/i0.wp.com\/www.bdc-berlin.de\/cms\/wp-content\/uploads\/2012\/02\/Bild%2044.JPG?zoom=3&amp;resize=150%2C150 450w\" sizes=\"auto, (max-width: 150px) 100vw, 150px\" \/><\/a>Kathi schimpft mit einem halben L\u00e4cheln auf uns &#8222;Handgasaffen&#8220;, wurde ihr bei dem rasanten Aufstieg fast schon schwindelig. Doch kann ich sie trotzdem \u00fcberreden auf den Bikers-Point hinaufzufahren. Und das hat sich dann auch gelohnt. F\u00fcr sch\u00f6nste Fotos geben die Wolken nun den blauen Himmel langsam wieder frei.<\/p>\n<p style=\"text-align: justify;\"><a href=\"https:\/\/i0.wp.com\/www.bdc-berlin.de\/cms\/wp-content\/uploads\/2012\/02\/Bild%2045.JPG\"><img data-recalc-dims=\"1\" loading=\"lazy\" decoding=\"async\" data-attachment-id=\"259\" data-permalink=\"http:\/\/www.bdc-berlin.de\/cms\/2007-oesterreich-teil-iii\/attachment-bild-45\/\" data-orig-file=\"https:\/\/i0.wp.com\/www.bdc-berlin.de\/cms\/wp-content\/uploads\/2012\/02\/Bild%2045.JPG?fit=426%2C640\" data-orig-size=\"426,640\" data-comments-opened=\"1\" data-image-meta=\"{&quot;aperture&quot;:&quot;0&quot;,&quot;credit&quot;:&quot;&quot;,&quot;camera&quot;:&quot;&quot;,&quot;caption&quot;:&quot;&quot;,&quot;created_timestamp&quot;:&quot;0&quot;,&quot;copyright&quot;:&quot;&quot;,&quot;focal_length&quot;:&quot;0&quot;,&quot;iso&quot;:&quot;0&quot;,&quot;shutter_speed&quot;:&quot;0&quot;,&quot;title&quot;:&quot;&quot;,&quot;orientation&quot;:&quot;0&quot;}\" data-image-title=\"Bild 45\" data-image-description=\"\" data-image-caption=\"\" data-large-file=\"https:\/\/i0.wp.com\/www.bdc-berlin.de\/cms\/wp-content\/uploads\/2012\/02\/Bild%2045.JPG?fit=426%2C640\" class=\"alignright wp-image-259 size-thumbnail\" style=\"border: 0px currentColor;\" src=\"https:\/\/i0.wp.com\/www.bdc-berlin.de\/cms\/wp-content\/uploads\/2012\/02\/Bild%2045-150x150.jpg?resize=150%2C150\" alt=\"\" width=\"150\" height=\"150\" border=\"0\" srcset=\"https:\/\/i0.wp.com\/www.bdc-berlin.de\/cms\/wp-content\/uploads\/2012\/02\/Bild%2045.JPG?resize=150%2C150 150w, https:\/\/i0.wp.com\/www.bdc-berlin.de\/cms\/wp-content\/uploads\/2012\/02\/Bild%2045.JPG?zoom=2&amp;resize=150%2C150 300w\" sizes=\"auto, (max-width: 150px) 100vw, 150px\" \/><\/a>Es ist zwar noch immer kalt doch die Sonne trocknet uns den Heimweg. Der Gro\u00dfglockner erscheint jetzt in einem ganz anderen Licht. Das wirkt sich auch auf den Fahrstil von &#8222;Willi&#8220; aus, der scheinbar vergie\u00dft das seine Schwester noch hinten drauf sitzt.<\/p>\n<p style=\"text-align: justify;\"><a href=\"https:\/\/i0.wp.com\/www.bdc-berlin.de\/cms\/wp-content\/uploads\/2012\/02\/Bild%2046.JPG\"><img data-recalc-dims=\"1\" loading=\"lazy\" decoding=\"async\" data-attachment-id=\"260\" data-permalink=\"http:\/\/www.bdc-berlin.de\/cms\/2007-oesterreich-teil-iii\/attachment-bild-46\/\" data-orig-file=\"https:\/\/i0.wp.com\/www.bdc-berlin.de\/cms\/wp-content\/uploads\/2012\/02\/Bild%2046.JPG?fit=636%2C480\" data-orig-size=\"636,480\" data-comments-opened=\"1\" data-image-meta=\"{&quot;aperture&quot;:&quot;0&quot;,&quot;credit&quot;:&quot;&quot;,&quot;camera&quot;:&quot;&quot;,&quot;caption&quot;:&quot;&quot;,&quot;created_timestamp&quot;:&quot;0&quot;,&quot;copyright&quot;:&quot;&quot;,&quot;focal_length&quot;:&quot;0&quot;,&quot;iso&quot;:&quot;0&quot;,&quot;shutter_speed&quot;:&quot;0&quot;,&quot;title&quot;:&quot;&quot;,&quot;orientation&quot;:&quot;0&quot;}\" data-image-title=\"Bild 46\" data-image-description=\"\" data-image-caption=\"\" data-large-file=\"https:\/\/i0.wp.com\/www.bdc-berlin.de\/cms\/wp-content\/uploads\/2012\/02\/Bild%2046.JPG?fit=610%2C460\" class=\"alignleft wp-image-260 size-thumbnail\" style=\"border: 0px currentColor;\" src=\"https:\/\/i0.wp.com\/www.bdc-berlin.de\/cms\/wp-content\/uploads\/2012\/02\/Bild%2046-150x150.jpg?resize=150%2C150\" alt=\"\" width=\"150\" height=\"150\" border=\"0\" srcset=\"https:\/\/i0.wp.com\/www.bdc-berlin.de\/cms\/wp-content\/uploads\/2012\/02\/Bild%2046.JPG?resize=150%2C150 150w, https:\/\/i0.wp.com\/www.bdc-berlin.de\/cms\/wp-content\/uploads\/2012\/02\/Bild%2046.JPG?zoom=2&amp;resize=150%2C150 300w, https:\/\/i0.wp.com\/www.bdc-berlin.de\/cms\/wp-content\/uploads\/2012\/02\/Bild%2046.JPG?zoom=3&amp;resize=150%2C150 450w\" sizes=\"auto, (max-width: 150px) 100vw, 150px\" \/><\/a>So geht die R\u00fcckfahrt gut voran, ein kurzer Tankstop bei Oberdrauburg uns weiter \u00fcber den Gailbergsattel, zur\u00fcck nach Hermagor \/ Passriach. Bei Hofer m\u00fcssen wir noch halten um das heutige Abendessen zu kaufen. Zu Hause angekommen werden die feuchten Sachen zum trocknen auf gehangen.<\/p>\n<p style=\"text-align: justify;\"><a href=\"https:\/\/i0.wp.com\/www.bdc-berlin.de\/cms\/wp-content\/uploads\/2012\/02\/Bild%2047.JPG\"><img data-recalc-dims=\"1\" loading=\"lazy\" decoding=\"async\" data-attachment-id=\"261\" data-permalink=\"http:\/\/www.bdc-berlin.de\/cms\/2007-oesterreich-teil-iii\/attachment-bild-47\/\" data-orig-file=\"https:\/\/i0.wp.com\/www.bdc-berlin.de\/cms\/wp-content\/uploads\/2012\/02\/Bild%2047.JPG?fit=640%2C442\" data-orig-size=\"640,442\" data-comments-opened=\"1\" data-image-meta=\"{&quot;aperture&quot;:&quot;0&quot;,&quot;credit&quot;:&quot;&quot;,&quot;camera&quot;:&quot;&quot;,&quot;caption&quot;:&quot;&quot;,&quot;created_timestamp&quot;:&quot;0&quot;,&quot;copyright&quot;:&quot;&quot;,&quot;focal_length&quot;:&quot;0&quot;,&quot;iso&quot;:&quot;0&quot;,&quot;shutter_speed&quot;:&quot;0&quot;,&quot;title&quot;:&quot;&quot;,&quot;orientation&quot;:&quot;0&quot;}\" data-image-title=\"Bild 47\" data-image-description=\"\" data-image-caption=\"\" data-large-file=\"https:\/\/i0.wp.com\/www.bdc-berlin.de\/cms\/wp-content\/uploads\/2012\/02\/Bild%2047.JPG?fit=610%2C421\" class=\"alignright wp-image-261 size-thumbnail\" style=\"border: 0px currentColor;\" src=\"https:\/\/i0.wp.com\/www.bdc-berlin.de\/cms\/wp-content\/uploads\/2012\/02\/Bild%2047-150x150.jpg?resize=150%2C150\" alt=\"\" width=\"150\" height=\"150\" border=\"0\" srcset=\"https:\/\/i0.wp.com\/www.bdc-berlin.de\/cms\/wp-content\/uploads\/2012\/02\/Bild%2047.JPG?resize=150%2C150 150w, https:\/\/i0.wp.com\/www.bdc-berlin.de\/cms\/wp-content\/uploads\/2012\/02\/Bild%2047.JPG?zoom=2&amp;resize=150%2C150 300w, https:\/\/i0.wp.com\/www.bdc-berlin.de\/cms\/wp-content\/uploads\/2012\/02\/Bild%2047.JPG?zoom=3&amp;resize=150%2C150 450w\" sizes=\"auto, (max-width: 150px) 100vw, 150px\" \/><\/a>W\u00e4hrend hinter den Bergen vom Pressegger See die Sonne untergeht schmei\u00dft Lothar mit viel Puste den Grill f\u00fcr uns an. Und bald ist auch &#8222;Willi&#8220; da, hat den Duft im Haus wohl schon gerochen, greift dem Grillmeister helfend unter die Arme, betont aber un\u00fcberh\u00f6rbar das er nicht &#8222;der Arsch am Grill&#8220; sein m\u00f6chte. Bevor der &#8222;Arme&#8220; verhungert stelle ich mich noch einmal hinter den Grill und dem Rauch.<\/p>\n<div class=\"tiled-gallery type-rectangular tiled-gallery-unresized\" data-original-width=\"610\" data-carousel-extra='{&quot;blog_id&quot;:1,&quot;permalink&quot;:&quot;http:\\\/\\\/www.bdc-berlin.de\\\/cms\\\/2007-oesterreich-teil-iii\\\/&quot;,&quot;likes_blog_id&quot;:125657278}' itemscope itemtype=\"http:\/\/schema.org\/ImageGallery\" > <div class=\"gallery-row\" style=\"width: 610px; height: 293px;\" data-original-width=\"610\" data-original-height=\"293\" > <div class=\"gallery-group images-1\" style=\"width: 389px; height: 293px;\" data-original-width=\"389\" data-original-height=\"293\" > <div class=\"tiled-gallery-item tiled-gallery-item-large\" itemprop=\"associatedMedia\" itemscope itemtype=\"http:\/\/schema.org\/ImageObject\"> <a href=\"http:\/\/www.bdc-berlin.de\/cms\/2007-oesterreich-teil-iii\/attachment-bild-48\/\" border=\"0\" itemprop=\"url\"> <meta itemprop=\"width\" content=\"385\"> <meta itemprop=\"height\" content=\"289\"> <img decoding=\"async\" class=\"\" data-attachment-id=\"262\" data-orig-file=\"http:\/\/www.bdc-berlin.de\/cms\/wp-content\/uploads\/2012\/02\/Bild%2048.JPG\" data-orig-size=\"640,480\" data-comments-opened=\"1\" data-image-meta=\"{&quot;aperture&quot;:&quot;0&quot;,&quot;credit&quot;:&quot;&quot;,&quot;camera&quot;:&quot;&quot;,&quot;caption&quot;:&quot;&quot;,&quot;created_timestamp&quot;:&quot;0&quot;,&quot;copyright&quot;:&quot;&quot;,&quot;focal_length&quot;:&quot;0&quot;,&quot;iso&quot;:&quot;0&quot;,&quot;shutter_speed&quot;:&quot;0&quot;,&quot;title&quot;:&quot;&quot;,&quot;orientation&quot;:&quot;0&quot;}\" data-image-title=\"Bild 48\" data-image-description=\"\" data-medium-file=\"https:\/\/i0.wp.com\/www.bdc-berlin.de\/cms\/wp-content\/uploads\/2012\/02\/Bild%2048.JPG?fit=300%2C225\" data-large-file=\"https:\/\/i0.wp.com\/www.bdc-berlin.de\/cms\/wp-content\/uploads\/2012\/02\/Bild%2048.JPG?fit=610%2C458\" src=\"https:\/\/i0.wp.com\/www.bdc-berlin.de\/cms\/wp-content\/uploads\/2012\/02\/Bild%2048.JPG?w=385&#038;h=289\" width=\"385\" height=\"289\" loading=\"lazy\" data-original-width=\"385\" data-original-height=\"289\" itemprop=\"http:\/\/schema.org\/image\" title=\"Bild 48\" alt=\"Bild 48\" style=\"width: 385px; height: 289px;\" \/> <\/a> <\/div> <\/div> <!-- close group --> <div class=\"gallery-group images-1\" style=\"width: 221px; height: 293px;\" data-original-width=\"221\" data-original-height=\"293\" > <div class=\"tiled-gallery-item tiled-gallery-item-small\" itemprop=\"associatedMedia\" itemscope itemtype=\"http:\/\/schema.org\/ImageObject\"> <a href=\"http:\/\/www.bdc-berlin.de\/cms\/2007-oesterreich-teil-iii\/attachment-bild-49\/\" border=\"0\" itemprop=\"url\"> <meta itemprop=\"width\" content=\"217\"> <meta itemprop=\"height\" content=\"289\"> <img decoding=\"async\" class=\"\" data-attachment-id=\"263\" data-orig-file=\"http:\/\/www.bdc-berlin.de\/cms\/wp-content\/uploads\/2012\/02\/Bild%2049.JPG\" data-orig-size=\"480,638\" data-comments-opened=\"1\" data-image-meta=\"{&quot;aperture&quot;:&quot;0&quot;,&quot;credit&quot;:&quot;&quot;,&quot;camera&quot;:&quot;&quot;,&quot;caption&quot;:&quot;&quot;,&quot;created_timestamp&quot;:&quot;0&quot;,&quot;copyright&quot;:&quot;&quot;,&quot;focal_length&quot;:&quot;0&quot;,&quot;iso&quot;:&quot;0&quot;,&quot;shutter_speed&quot;:&quot;0&quot;,&quot;title&quot;:&quot;&quot;,&quot;orientation&quot;:&quot;0&quot;}\" data-image-title=\"Bild 49\" data-image-description=\"\" data-medium-file=\"https:\/\/i0.wp.com\/www.bdc-berlin.de\/cms\/wp-content\/uploads\/2012\/02\/Bild%2049.JPG?fit=226%2C300\" data-large-file=\"https:\/\/i0.wp.com\/www.bdc-berlin.de\/cms\/wp-content\/uploads\/2012\/02\/Bild%2049.JPG?fit=480%2C638\" src=\"https:\/\/i0.wp.com\/www.bdc-berlin.de\/cms\/wp-content\/uploads\/2012\/02\/Bild%2049.JPG?w=217&#038;h=289\" width=\"217\" height=\"289\" loading=\"lazy\" data-original-width=\"217\" data-original-height=\"289\" itemprop=\"http:\/\/schema.org\/image\" title=\"Bild 49\" alt=\"Bild 49\" style=\"width: 217px; height: 289px;\" \/> <\/a> <\/div> <\/div> <!-- close group --> <\/div> <!-- close row --> <div class=\"gallery-row\" style=\"width: 610px; height: 807px;\" data-original-width=\"610\" data-original-height=\"807\" > <div class=\"gallery-group images-1\" style=\"width: 610px; height: 807px;\" data-original-width=\"610\" data-original-height=\"807\" > <div class=\"tiled-gallery-item tiled-gallery-item-large\" itemprop=\"associatedMedia\" itemscope itemtype=\"http:\/\/schema.org\/ImageObject\"> <a href=\"http:\/\/www.bdc-berlin.de\/cms\/2007-oesterreich-teil-iii\/attachment-bild-50\/\" border=\"0\" itemprop=\"url\"> <meta itemprop=\"width\" content=\"606\"> <meta itemprop=\"height\" content=\"803\"> <img decoding=\"async\" class=\"\" data-attachment-id=\"264\" data-orig-file=\"http:\/\/www.bdc-berlin.de\/cms\/wp-content\/uploads\/2012\/02\/Bild%2050.JPG\" data-orig-size=\"480,636\" data-comments-opened=\"1\" data-image-meta=\"{&quot;aperture&quot;:&quot;0&quot;,&quot;credit&quot;:&quot;&quot;,&quot;camera&quot;:&quot;&quot;,&quot;caption&quot;:&quot;&quot;,&quot;created_timestamp&quot;:&quot;0&quot;,&quot;copyright&quot;:&quot;&quot;,&quot;focal_length&quot;:&quot;0&quot;,&quot;iso&quot;:&quot;0&quot;,&quot;shutter_speed&quot;:&quot;0&quot;,&quot;title&quot;:&quot;&quot;,&quot;orientation&quot;:&quot;0&quot;}\" data-image-title=\"Bild 50\" data-image-description=\"\" data-medium-file=\"https:\/\/i0.wp.com\/www.bdc-berlin.de\/cms\/wp-content\/uploads\/2012\/02\/Bild%2050.JPG?fit=226%2C300\" data-large-file=\"https:\/\/i0.wp.com\/www.bdc-berlin.de\/cms\/wp-content\/uploads\/2012\/02\/Bild%2050.JPG?fit=480%2C636\" src=\"https:\/\/i0.wp.com\/www.bdc-berlin.de\/cms\/wp-content\/uploads\/2012\/02\/Bild%2050.JPG?w=606&#038;h=803\" width=\"606\" height=\"803\" loading=\"lazy\" data-original-width=\"606\" data-original-height=\"803\" itemprop=\"http:\/\/schema.org\/image\" title=\"Bild 50\" alt=\"Bild 50\" style=\"width: 606px; height: 803px;\" \/> <\/a> <\/div> <\/div> <!-- close group --> <\/div> <!-- close row --> <\/div>\n<p style=\"text-align: justify;\">Aber Andi und Moni haben noch eine \u00dcberraschung f\u00fcr uns. Moni im Trachtendirndel und &#8222;Willi&#8220; mit Alm\u00f6hi-Hut geben ihre Verlobung bekannt. Da gebe ich doch gerne einen Obstler aus.<\/p>\n<div class=\"tiled-gallery type-rectangular tiled-gallery-unresized\" data-original-width=\"610\" data-carousel-extra='{&quot;blog_id&quot;:1,&quot;permalink&quot;:&quot;http:\\\/\\\/www.bdc-berlin.de\\\/cms\\\/2007-oesterreich-teil-iii\\\/&quot;,&quot;likes_blog_id&quot;:125657278}' itemscope itemtype=\"http:\/\/schema.org\/ImageGallery\" > <div class=\"gallery-row\" style=\"width: 610px; height: 404px;\" data-original-width=\"610\" data-original-height=\"404\" > <div class=\"gallery-group images-1\" style=\"width: 305px; height: 404px;\" data-original-width=\"305\" data-original-height=\"404\" > <div class=\"tiled-gallery-item tiled-gallery-item-large\" itemprop=\"associatedMedia\" itemscope itemtype=\"http:\/\/schema.org\/ImageObject\"> <a href=\"http:\/\/www.bdc-berlin.de\/cms\/2007-oesterreich-teil-iii\/attachment-bild-51\/\" border=\"0\" itemprop=\"url\"> <meta itemprop=\"width\" content=\"301\"> <meta itemprop=\"height\" content=\"400\"> <img decoding=\"async\" class=\"\" data-attachment-id=\"265\" data-orig-file=\"http:\/\/www.bdc-berlin.de\/cms\/wp-content\/uploads\/2012\/02\/Bild%2051.JPG\" data-orig-size=\"480,638\" data-comments-opened=\"1\" data-image-meta=\"{&quot;aperture&quot;:&quot;0&quot;,&quot;credit&quot;:&quot;&quot;,&quot;camera&quot;:&quot;&quot;,&quot;caption&quot;:&quot;&quot;,&quot;created_timestamp&quot;:&quot;0&quot;,&quot;copyright&quot;:&quot;&quot;,&quot;focal_length&quot;:&quot;0&quot;,&quot;iso&quot;:&quot;0&quot;,&quot;shutter_speed&quot;:&quot;0&quot;,&quot;title&quot;:&quot;&quot;,&quot;orientation&quot;:&quot;0&quot;}\" data-image-title=\"Bild 51\" data-image-description=\"\" data-medium-file=\"https:\/\/i0.wp.com\/www.bdc-berlin.de\/cms\/wp-content\/uploads\/2012\/02\/Bild%2051.JPG?fit=226%2C300\" data-large-file=\"https:\/\/i0.wp.com\/www.bdc-berlin.de\/cms\/wp-content\/uploads\/2012\/02\/Bild%2051.JPG?fit=480%2C638\" src=\"https:\/\/i0.wp.com\/www.bdc-berlin.de\/cms\/wp-content\/uploads\/2012\/02\/Bild%2051.JPG?w=301&#038;h=400\" width=\"301\" height=\"400\" loading=\"lazy\" data-original-width=\"301\" data-original-height=\"400\" itemprop=\"http:\/\/schema.org\/image\" title=\"Bild 51\" alt=\"Bild 51\" style=\"width: 301px; height: 400px;\" \/> <\/a> <\/div> <\/div> <!-- close group --> <div class=\"gallery-group images-1\" style=\"width: 305px; height: 404px;\" data-original-width=\"305\" data-original-height=\"404\" > <div class=\"tiled-gallery-item tiled-gallery-item-large\" itemprop=\"associatedMedia\" itemscope itemtype=\"http:\/\/schema.org\/ImageObject\"> <a href=\"http:\/\/www.bdc-berlin.de\/cms\/2007-oesterreich-teil-iii\/attachment-bild-52\/\" border=\"0\" itemprop=\"url\"> <meta itemprop=\"width\" content=\"301\"> <meta itemprop=\"height\" content=\"400\"> <img decoding=\"async\" class=\"\" data-attachment-id=\"266\" data-orig-file=\"http:\/\/www.bdc-berlin.de\/cms\/wp-content\/uploads\/2012\/02\/Bild%2052.JPG\" data-orig-size=\"480,637\" data-comments-opened=\"1\" data-image-meta=\"{&quot;aperture&quot;:&quot;0&quot;,&quot;credit&quot;:&quot;&quot;,&quot;camera&quot;:&quot;&quot;,&quot;caption&quot;:&quot;&quot;,&quot;created_timestamp&quot;:&quot;0&quot;,&quot;copyright&quot;:&quot;&quot;,&quot;focal_length&quot;:&quot;0&quot;,&quot;iso&quot;:&quot;0&quot;,&quot;shutter_speed&quot;:&quot;0&quot;,&quot;title&quot;:&quot;&quot;,&quot;orientation&quot;:&quot;0&quot;}\" data-image-title=\"Bild 52\" data-image-description=\"\" data-medium-file=\"https:\/\/i0.wp.com\/www.bdc-berlin.de\/cms\/wp-content\/uploads\/2012\/02\/Bild%2052.JPG?fit=226%2C300\" data-large-file=\"https:\/\/i0.wp.com\/www.bdc-berlin.de\/cms\/wp-content\/uploads\/2012\/02\/Bild%2052.JPG?fit=480%2C637\" src=\"https:\/\/i0.wp.com\/www.bdc-berlin.de\/cms\/wp-content\/uploads\/2012\/02\/Bild%2052.JPG?w=301&#038;h=400\" width=\"301\" height=\"400\" loading=\"lazy\" data-original-width=\"301\" data-original-height=\"400\" itemprop=\"http:\/\/schema.org\/image\" title=\"Bild 52\" alt=\"Bild 52\" style=\"width: 301px; height: 400px;\" \/> <\/a> <\/div> <\/div> <!-- close group --> <\/div> <!-- close row --> <\/div>\n<h3 style=\"text-align: justify;\">Wir w\u00fcnschen den Beiden alles Gute!<\/h3>\n<p style=\"text-align: justify;\"><!--nextpage--><\/p>\n<h2 style=\"text-align: justify;\">Mittwoch, 06. Juni 2007<\/h2>\n<p style=\"text-align: justify;\">Das Wetter sieht wieder nur bescheiden aus, doch Lothar treibt wie immer voran und m\u00f6chte auch heute Motorrad fahren. Anne, Moni und Andi m\u00f6chten es aber gar nicht erst versuchen und bleiben daheim. Wir vier schwingen uns aufs Moped und nehmen Kurs Richtung Slowenien, der Loiblpa\u00df und Seeberg-Sattel ist das gesteckte Ziel.<\/p>\n<p style=\"text-align: justify;\"><a href=\"https:\/\/i0.wp.com\/www.bdc-berlin.de\/cms\/wp-content\/uploads\/2012\/02\/Bild%2053.JPG\"><img data-recalc-dims=\"1\" loading=\"lazy\" decoding=\"async\" data-attachment-id=\"267\" data-permalink=\"http:\/\/www.bdc-berlin.de\/cms\/2007-oesterreich-teil-iii\/attachment-bild-53\/\" data-orig-file=\"https:\/\/i0.wp.com\/www.bdc-berlin.de\/cms\/wp-content\/uploads\/2012\/02\/Bild%2053.JPG?fit=638%2C480\" data-orig-size=\"638,480\" data-comments-opened=\"1\" data-image-meta=\"{&quot;aperture&quot;:&quot;0&quot;,&quot;credit&quot;:&quot;&quot;,&quot;camera&quot;:&quot;&quot;,&quot;caption&quot;:&quot;&quot;,&quot;created_timestamp&quot;:&quot;0&quot;,&quot;copyright&quot;:&quot;&quot;,&quot;focal_length&quot;:&quot;0&quot;,&quot;iso&quot;:&quot;0&quot;,&quot;shutter_speed&quot;:&quot;0&quot;,&quot;title&quot;:&quot;&quot;,&quot;orientation&quot;:&quot;0&quot;}\" data-image-title=\"Bild 53\" data-image-description=\"\" data-image-caption=\"\" data-large-file=\"https:\/\/i0.wp.com\/www.bdc-berlin.de\/cms\/wp-content\/uploads\/2012\/02\/Bild%2053.JPG?fit=610%2C459\" class=\"alignleft wp-image-267 size-thumbnail\" style=\"border: 0px currentColor;\" src=\"https:\/\/i0.wp.com\/www.bdc-berlin.de\/cms\/wp-content\/uploads\/2012\/02\/Bild%2053-150x150.jpg?resize=150%2C150\" alt=\"\" width=\"150\" height=\"150\" border=\"0\" srcset=\"https:\/\/i0.wp.com\/www.bdc-berlin.de\/cms\/wp-content\/uploads\/2012\/02\/Bild%2053.JPG?resize=150%2C150 150w, https:\/\/i0.wp.com\/www.bdc-berlin.de\/cms\/wp-content\/uploads\/2012\/02\/Bild%2053.JPG?zoom=2&amp;resize=150%2C150 300w, https:\/\/i0.wp.com\/www.bdc-berlin.de\/cms\/wp-content\/uploads\/2012\/02\/Bild%2053.JPG?zoom=3&amp;resize=150%2C150 450w\" sizes=\"auto, (max-width: 150px) 100vw, 150px\" \/><\/a><\/p>\n<p style=\"text-align: justify;\">Aber ohne Regen geht es wohl heute nicht. Das ganze Gailtal liegt unter einer Wolke. Auch in Villach wird es eher dunkler als sch\u00f6ner. Die Idee sich die Altstadt von Villach anzusehen scheitert am passenden Parkplatz. Beim kurzen Tankstop &#8211; Lagebesprechung-, mit der Entscheidung noch bis zum Faaker-See zu fahren, einzukehren und das Wetter abzuwarten. Doch irgendwann hat das Warten mal ein Ende, weil das Bistrocafe eine zu kleine Karte hat und wir schon alles probiert haben und das Wetter noch immer nicht besser ist.<\/p>\n<p style=\"text-align: justify;\"><a href=\"https:\/\/i0.wp.com\/www.bdc-berlin.de\/cms\/wp-content\/uploads\/2012\/02\/Bild%2054.JPG\"><img data-recalc-dims=\"1\" loading=\"lazy\" decoding=\"async\" data-attachment-id=\"268\" data-permalink=\"http:\/\/www.bdc-berlin.de\/cms\/2007-oesterreich-teil-iii\/attachment-bild-54\/\" data-orig-file=\"https:\/\/i0.wp.com\/www.bdc-berlin.de\/cms\/wp-content\/uploads\/2012\/02\/Bild%2054.JPG?fit=640%2C480\" data-orig-size=\"640,480\" data-comments-opened=\"1\" data-image-meta=\"{&quot;aperture&quot;:&quot;0&quot;,&quot;credit&quot;:&quot;&quot;,&quot;camera&quot;:&quot;&quot;,&quot;caption&quot;:&quot;&quot;,&quot;created_timestamp&quot;:&quot;0&quot;,&quot;copyright&quot;:&quot;&quot;,&quot;focal_length&quot;:&quot;0&quot;,&quot;iso&quot;:&quot;0&quot;,&quot;shutter_speed&quot;:&quot;0&quot;,&quot;title&quot;:&quot;&quot;,&quot;orientation&quot;:&quot;0&quot;}\" data-image-title=\"Bild 54\" data-image-description=\"\" data-image-caption=\"\" data-large-file=\"https:\/\/i0.wp.com\/www.bdc-berlin.de\/cms\/wp-content\/uploads\/2012\/02\/Bild%2054.JPG?fit=610%2C458\" class=\"alignright wp-image-268 size-thumbnail\" style=\"border: 0px currentColor;\" src=\"https:\/\/i0.wp.com\/www.bdc-berlin.de\/cms\/wp-content\/uploads\/2012\/02\/Bild%2054-150x150.jpg?resize=150%2C150\" alt=\"\" width=\"150\" height=\"150\" border=\"0\" srcset=\"https:\/\/i0.wp.com\/www.bdc-berlin.de\/cms\/wp-content\/uploads\/2012\/02\/Bild%2054.JPG?resize=150%2C150 150w, https:\/\/i0.wp.com\/www.bdc-berlin.de\/cms\/wp-content\/uploads\/2012\/02\/Bild%2054.JPG?zoom=2&amp;resize=150%2C150 300w, https:\/\/i0.wp.com\/www.bdc-berlin.de\/cms\/wp-content\/uploads\/2012\/02\/Bild%2054.JPG?zoom=3&amp;resize=150%2C150 450w\" sizes=\"auto, (max-width: 150px) 100vw, 150px\" \/><\/a><\/p>\n<p style=\"text-align: justify;\">So verbringen wir den Nachmittag ganz in Ruhe, mit lesen und spielen, im trockenen unserer Pension. Es ist nun schon unser letzter Abend, so leisten uns die Pichlers am knisternden Kamin bei w\u00e4rmenden Getr\u00e4nken Gesellschaft.<\/p>\n<p style=\"text-align: justify;\"><!--nextpage--><\/p>\n<h2 style=\"text-align: justify;\">Donnerstag, 07. Juni<\/h2>\n<p style=\"text-align: justify;\">Nicht zu fassen wie schnell so eine Woche vergeht. Es werden die Sachen f\u00fcr die R\u00fcckreise gepackt. Wir m\u00fcssen aber erst um 17.25 Uhr in Villach zum Verladen sein. So bleibt noch genug Zeit f\u00fcr kleine Unternehmungen.<\/p>\n<p style=\"text-align: justify;\"><a href=\"https:\/\/i0.wp.com\/www.bdc-berlin.de\/cms\/wp-content\/uploads\/2012\/02\/Bild%2055.JPG\"><img data-recalc-dims=\"1\" loading=\"lazy\" decoding=\"async\" data-attachment-id=\"269\" data-permalink=\"http:\/\/www.bdc-berlin.de\/cms\/2007-oesterreich-teil-iii\/attachment-bild-55\/\" data-orig-file=\"https:\/\/i0.wp.com\/www.bdc-berlin.de\/cms\/wp-content\/uploads\/2012\/02\/Bild%2055.JPG?fit=638%2C480\" data-orig-size=\"638,480\" data-comments-opened=\"1\" data-image-meta=\"{&quot;aperture&quot;:&quot;0&quot;,&quot;credit&quot;:&quot;&quot;,&quot;camera&quot;:&quot;&quot;,&quot;caption&quot;:&quot;&quot;,&quot;created_timestamp&quot;:&quot;0&quot;,&quot;copyright&quot;:&quot;&quot;,&quot;focal_length&quot;:&quot;0&quot;,&quot;iso&quot;:&quot;0&quot;,&quot;shutter_speed&quot;:&quot;0&quot;,&quot;title&quot;:&quot;&quot;,&quot;orientation&quot;:&quot;0&quot;}\" data-image-title=\"Bild 55\" data-image-description=\"\" data-image-caption=\"\" data-large-file=\"https:\/\/i0.wp.com\/www.bdc-berlin.de\/cms\/wp-content\/uploads\/2012\/02\/Bild%2055.JPG?fit=610%2C459\" class=\"alignleft wp-image-269 size-thumbnail\" style=\"border: 0px currentColor;\" src=\"https:\/\/i0.wp.com\/www.bdc-berlin.de\/cms\/wp-content\/uploads\/2012\/02\/Bild%2055-150x150.jpg?resize=150%2C150\" alt=\"\" width=\"150\" height=\"150\" border=\"0\" srcset=\"https:\/\/i0.wp.com\/www.bdc-berlin.de\/cms\/wp-content\/uploads\/2012\/02\/Bild%2055.JPG?resize=150%2C150 150w, https:\/\/i0.wp.com\/www.bdc-berlin.de\/cms\/wp-content\/uploads\/2012\/02\/Bild%2055.JPG?zoom=2&amp;resize=150%2C150 300w, https:\/\/i0.wp.com\/www.bdc-berlin.de\/cms\/wp-content\/uploads\/2012\/02\/Bild%2055.JPG?zoom=3&amp;resize=150%2C150 450w\" sizes=\"auto, (max-width: 150px) 100vw, 150px\" \/><\/a><\/p>\n<p style=\"text-align: justify;\">&#8222;Willi&#8220; m\u00f6chte noch unbedingt in die Therme und \u00fcberzeugt auch &#8222;seine&#8220; M\u00e4dels davon.Nach uns hat noch niemand gebucht, so k\u00f6nnen wir unser Gep\u00e4ck noch in der Pension stehen lassen. Wir verweilen noch etwas am Pressegger-See und kehren zum Mittag im Restaurant des Campingplatzes &#8222;Schluga&#8220; ein. Ob Schnitzel oder Pfeffersteak, wir genie\u00dfen die letzten Stunden.<\/p>\n<p style=\"text-align: justify;\">Zur\u00fcck in der Pension wird das Gep\u00e4ck aufgeschnallt und los geht&#8217;s Richtung Villach. Ein letztes Mal am Ostufer des Pressegger-See&#8217;s vorbei, auf die Bundesstra\u00dfe 111, an der Abzweigung zur &#8222;Windischen H\u00f6he&#8220; vorbei, \u00fcber N\u00f6tsch nach Villach. Dort warten auch schon die Anderen auf uns. Wir nehmen noch einen kleinen Snack gegen\u00fcber vom Bahnhof und schon werden Mensch und Motorrad in den &#8222;Boxen&#8220; des Autoreisezugs untergebracht. Lothar und Andi bringen noch schnell den &#8222;Schlummertrunk&#8220; an Bord. Schnell noch frisch gemacht und schon setzt der Zug sich in Bewegung.<\/p>\n<div class=\"tiled-gallery type-rectangular tiled-gallery-unresized\" data-original-width=\"610\" data-carousel-extra='{&quot;blog_id&quot;:1,&quot;permalink&quot;:&quot;http:\\\/\\\/www.bdc-berlin.de\\\/cms\\\/2007-oesterreich-teil-iii\\\/&quot;,&quot;likes_blog_id&quot;:125657278}' itemscope itemtype=\"http:\/\/schema.org\/ImageGallery\" > <div class=\"gallery-row\" style=\"width: 610px; height: 405px;\" data-original-width=\"610\" data-original-height=\"405\" > <div class=\"gallery-group images-1\" style=\"width: 305px; height: 405px;\" data-original-width=\"305\" data-original-height=\"405\" > <div class=\"tiled-gallery-item tiled-gallery-item-large\" itemprop=\"associatedMedia\" itemscope itemtype=\"http:\/\/schema.org\/ImageObject\"> <a href=\"http:\/\/www.bdc-berlin.de\/cms\/2007-oesterreich-teil-iii\/attachment-bild-56\/\" border=\"0\" itemprop=\"url\"> <meta itemprop=\"width\" content=\"301\"> <meta itemprop=\"height\" content=\"401\"> <img decoding=\"async\" class=\"\" data-attachment-id=\"270\" data-orig-file=\"http:\/\/www.bdc-berlin.de\/cms\/wp-content\/uploads\/2012\/02\/Bild%2056.JPG\" data-orig-size=\"480,640\" data-comments-opened=\"1\" data-image-meta=\"{&quot;aperture&quot;:&quot;0&quot;,&quot;credit&quot;:&quot;&quot;,&quot;camera&quot;:&quot;&quot;,&quot;caption&quot;:&quot;&quot;,&quot;created_timestamp&quot;:&quot;0&quot;,&quot;copyright&quot;:&quot;&quot;,&quot;focal_length&quot;:&quot;0&quot;,&quot;iso&quot;:&quot;0&quot;,&quot;shutter_speed&quot;:&quot;0&quot;,&quot;title&quot;:&quot;&quot;,&quot;orientation&quot;:&quot;0&quot;}\" data-image-title=\"Bild 56\" data-image-description=\"\" data-medium-file=\"https:\/\/i0.wp.com\/www.bdc-berlin.de\/cms\/wp-content\/uploads\/2012\/02\/Bild%2056.JPG?fit=225%2C300\" data-large-file=\"https:\/\/i0.wp.com\/www.bdc-berlin.de\/cms\/wp-content\/uploads\/2012\/02\/Bild%2056.JPG?fit=480%2C640\" src=\"https:\/\/i0.wp.com\/www.bdc-berlin.de\/cms\/wp-content\/uploads\/2012\/02\/Bild%2056.JPG?w=301&#038;h=401\" width=\"301\" height=\"401\" loading=\"lazy\" data-original-width=\"301\" data-original-height=\"401\" itemprop=\"http:\/\/schema.org\/image\" title=\"Bild 56\" alt=\"Bild 56\" style=\"width: 301px; height: 401px;\" \/> <\/a> <\/div> <\/div> <!-- close group --> <div class=\"gallery-group images-1\" style=\"width: 305px; height: 405px;\" data-original-width=\"305\" data-original-height=\"405\" > <div class=\"tiled-gallery-item tiled-gallery-item-large\" itemprop=\"associatedMedia\" itemscope itemtype=\"http:\/\/schema.org\/ImageObject\"> <a href=\"http:\/\/www.bdc-berlin.de\/cms\/2007-oesterreich-teil-iii\/attachment-bild-57\/\" border=\"0\" itemprop=\"url\"> <meta itemprop=\"width\" content=\"301\"> <meta itemprop=\"height\" content=\"401\"> <img decoding=\"async\" class=\"\" data-attachment-id=\"271\" data-orig-file=\"http:\/\/www.bdc-berlin.de\/cms\/wp-content\/uploads\/2012\/02\/Bild%2057.JPG\" data-orig-size=\"480,638\" data-comments-opened=\"1\" data-image-meta=\"{&quot;aperture&quot;:&quot;0&quot;,&quot;credit&quot;:&quot;&quot;,&quot;camera&quot;:&quot;&quot;,&quot;caption&quot;:&quot;&quot;,&quot;created_timestamp&quot;:&quot;0&quot;,&quot;copyright&quot;:&quot;&quot;,&quot;focal_length&quot;:&quot;0&quot;,&quot;iso&quot;:&quot;0&quot;,&quot;shutter_speed&quot;:&quot;0&quot;,&quot;title&quot;:&quot;&quot;,&quot;orientation&quot;:&quot;0&quot;}\" data-image-title=\"Bild 57\" data-image-description=\"\" data-medium-file=\"https:\/\/i0.wp.com\/www.bdc-berlin.de\/cms\/wp-content\/uploads\/2012\/02\/Bild%2057.JPG?fit=226%2C300\" data-large-file=\"https:\/\/i0.wp.com\/www.bdc-berlin.de\/cms\/wp-content\/uploads\/2012\/02\/Bild%2057.JPG?fit=480%2C638\" src=\"https:\/\/i0.wp.com\/www.bdc-berlin.de\/cms\/wp-content\/uploads\/2012\/02\/Bild%2057.JPG?w=301&#038;h=401\" width=\"301\" height=\"401\" loading=\"lazy\" data-original-width=\"301\" data-original-height=\"401\" itemprop=\"http:\/\/schema.org\/image\" title=\"Bild 57\" alt=\"Bild 57\" style=\"width: 301px; height: 401px;\" \/> <\/a> <\/div> <\/div> <!-- close group --> <\/div> <!-- close row --> <div class=\"gallery-row\" style=\"width: 610px; height: 460px;\" data-original-width=\"610\" data-original-height=\"460\" > <div class=\"gallery-group images-1\" style=\"width: 610px; height: 460px;\" data-original-width=\"610\" data-original-height=\"460\" > <div class=\"tiled-gallery-item tiled-gallery-item-large\" itemprop=\"associatedMedia\" itemscope itemtype=\"http:\/\/schema.org\/ImageObject\"> <a href=\"http:\/\/www.bdc-berlin.de\/cms\/2007-oesterreich-teil-iii\/attachment-bild-58\/\" border=\"0\" itemprop=\"url\"> <meta itemprop=\"width\" content=\"606\"> <meta itemprop=\"height\" content=\"456\"> <img decoding=\"async\" class=\"\" data-attachment-id=\"272\" data-orig-file=\"http:\/\/www.bdc-berlin.de\/cms\/wp-content\/uploads\/2012\/02\/Bild%2058.JPG\" data-orig-size=\"638,480\" data-comments-opened=\"1\" data-image-meta=\"{&quot;aperture&quot;:&quot;0&quot;,&quot;credit&quot;:&quot;&quot;,&quot;camera&quot;:&quot;&quot;,&quot;caption&quot;:&quot;&quot;,&quot;created_timestamp&quot;:&quot;0&quot;,&quot;copyright&quot;:&quot;&quot;,&quot;focal_length&quot;:&quot;0&quot;,&quot;iso&quot;:&quot;0&quot;,&quot;shutter_speed&quot;:&quot;0&quot;,&quot;title&quot;:&quot;&quot;,&quot;orientation&quot;:&quot;0&quot;}\" data-image-title=\"Bild 58\" data-image-description=\"\" data-medium-file=\"https:\/\/i0.wp.com\/www.bdc-berlin.de\/cms\/wp-content\/uploads\/2012\/02\/Bild%2058.JPG?fit=300%2C226\" data-large-file=\"https:\/\/i0.wp.com\/www.bdc-berlin.de\/cms\/wp-content\/uploads\/2012\/02\/Bild%2058.JPG?fit=610%2C459\" src=\"https:\/\/i0.wp.com\/www.bdc-berlin.de\/cms\/wp-content\/uploads\/2012\/02\/Bild%2058.JPG?w=606&#038;h=456\" width=\"606\" height=\"456\" loading=\"lazy\" data-original-width=\"606\" data-original-height=\"456\" itemprop=\"http:\/\/schema.org\/image\" title=\"Bild 58\" alt=\"Bild 58\" style=\"width: 606px; height: 456px;\" \/> <\/a> <\/div> <\/div> <!-- close group --> <\/div> <!-- close row --> <\/div>\n<h3 style=\"text-align: justify;\">Schlusswort<\/h3>\n<p style=\"text-align: justify;\">Nat\u00fcrlich ist die Bahn in Berlin angekommen, nur ist f\u00fcr uns der Urlaub damit auch vorbei. Vergessen sind die paar Tropfen Regen, wenn alles so sch\u00f6n funktioniert. Ich glaube mir geben alle Beteiligten recht, es waren traumhaft sch\u00f6ne Tage. Dazu haben Annegret und Hermann Pichler einen gro\u00dfen Teil beigetragen. Wir alle haben sie in unser Herz geschlossen und bedanken nochmals recht herzlich.<\/p>\n<p style=\"text-align: justify;\"><a href=\"https:\/\/i0.wp.com\/www.bdc-berlin.de\/cms\/wp-content\/uploads\/2012\/02\/Bild%2059.JPG\"><img data-recalc-dims=\"1\" loading=\"lazy\" decoding=\"async\" data-attachment-id=\"273\" data-permalink=\"http:\/\/www.bdc-berlin.de\/cms\/2007-oesterreich-teil-iii\/attachment-bild-59\/\" data-orig-file=\"https:\/\/i0.wp.com\/www.bdc-berlin.de\/cms\/wp-content\/uploads\/2012\/02\/Bild%2059.JPG?fit=480%2C640\" data-orig-size=\"480,640\" data-comments-opened=\"1\" data-image-meta=\"{&quot;aperture&quot;:&quot;0&quot;,&quot;credit&quot;:&quot;&quot;,&quot;camera&quot;:&quot;&quot;,&quot;caption&quot;:&quot;&quot;,&quot;created_timestamp&quot;:&quot;0&quot;,&quot;copyright&quot;:&quot;&quot;,&quot;focal_length&quot;:&quot;0&quot;,&quot;iso&quot;:&quot;0&quot;,&quot;shutter_speed&quot;:&quot;0&quot;,&quot;title&quot;:&quot;&quot;,&quot;orientation&quot;:&quot;0&quot;}\" data-image-title=\"Bild 59\" data-image-description=\"\" data-image-caption=\"\" data-large-file=\"https:\/\/i0.wp.com\/www.bdc-berlin.de\/cms\/wp-content\/uploads\/2012\/02\/Bild%2059.JPG?fit=480%2C640\" class=\"alignleft wp-image-273 size-thumbnail\" style=\"border: 0px currentColor;\" src=\"https:\/\/i0.wp.com\/www.bdc-berlin.de\/cms\/wp-content\/uploads\/2012\/02\/Bild%2059-150x150.jpg?resize=150%2C150\" alt=\"\" width=\"150\" height=\"150\" border=\"0\" srcset=\"https:\/\/i0.wp.com\/www.bdc-berlin.de\/cms\/wp-content\/uploads\/2012\/02\/Bild%2059.JPG?resize=150%2C150 150w, https:\/\/i0.wp.com\/www.bdc-berlin.de\/cms\/wp-content\/uploads\/2012\/02\/Bild%2059.JPG?zoom=2&amp;resize=150%2C150 300w, https:\/\/i0.wp.com\/www.bdc-berlin.de\/cms\/wp-content\/uploads\/2012\/02\/Bild%2059.JPG?zoom=3&amp;resize=150%2C150 450w\" sizes=\"auto, (max-width: 150px) 100vw, 150px\" \/><\/a><\/p>\n<p style=\"text-align: justify;\">Kathi und ich freuen uns schon auf das n\u00e4chste Jahr wo sich schon heute eine gro\u00dfe Beteiligung abzeichnet. M\u00f6ge wieder alles so gut gelingen, dann steht harmonischen Tagen mit viel Spa\u00df nichts entgegen. Dann machen uns auch ein paar Tropfen Regen nichts aus. Lasst uns sch\u00f6ne Ziele stecken, ich wei\u00df die Erwartungen sind gro\u00df. Damit es nicht zur Entt\u00e4uschung wird sollten wir alle unseren Beitrag zum guten Gelingen dazu beitragen.<\/p>\n<h2 style=\"text-align: center;\">Bleibt hart am Gas Euer Falko<\/h2>\n<p><a href=\"https:\/\/i0.wp.com\/www.bdc-berlin.de\/cms\/wp-content\/uploads\/2012\/02\/Bild%2060.JPG\"><img data-recalc-dims=\"1\" loading=\"lazy\" decoding=\"async\" data-attachment-id=\"274\" data-permalink=\"http:\/\/www.bdc-berlin.de\/cms\/2007-oesterreich-teil-iii\/attachment-bild-60\/\" data-orig-file=\"https:\/\/i0.wp.com\/www.bdc-berlin.de\/cms\/wp-content\/uploads\/2012\/02\/Bild%2060.JPG?fit=480%2C640\" data-orig-size=\"480,640\" data-comments-opened=\"1\" data-image-meta=\"{&quot;aperture&quot;:&quot;0&quot;,&quot;credit&quot;:&quot;&quot;,&quot;camera&quot;:&quot;&quot;,&quot;caption&quot;:&quot;&quot;,&quot;created_timestamp&quot;:&quot;0&quot;,&quot;copyright&quot;:&quot;&quot;,&quot;focal_length&quot;:&quot;0&quot;,&quot;iso&quot;:&quot;0&quot;,&quot;shutter_speed&quot;:&quot;0&quot;,&quot;title&quot;:&quot;&quot;,&quot;orientation&quot;:&quot;0&quot;}\" data-image-title=\"Bild 60\" data-image-description=\"\" data-image-caption=\"\" data-large-file=\"https:\/\/i0.wp.com\/www.bdc-berlin.de\/cms\/wp-content\/uploads\/2012\/02\/Bild%2060.JPG?fit=480%2C640\" class=\"aligncenter wp-image-274 size-medium\" style=\"border: 0px currentColor;\" src=\"https:\/\/i0.wp.com\/www.bdc-berlin.de\/cms\/wp-content\/uploads\/2012\/02\/Bild%2060-225x300.jpg?resize=225%2C300\" alt=\"\" width=\"225\" height=\"300\" border=\"0\" srcset=\"https:\/\/i0.wp.com\/www.bdc-berlin.de\/cms\/wp-content\/uploads\/2012\/02\/Bild%2060.JPG?resize=225%2C300 225w, https:\/\/i0.wp.com\/www.bdc-berlin.de\/cms\/wp-content\/uploads\/2012\/02\/Bild%2060.JPG?w=480 480w\" sizes=\"auto, (max-width: 225px) 100vw, 225px\" \/><\/a><\/p>\n<h2>Ende<\/h2>\n<p>Bericht von Falko<\/p>\n","protected":false},"excerpt":{"rendered":"<p>Montag 04.Juni 2007 Lothar ist und bleibt ein &#8222;Antreiber&#8220;, dr\u00e4ngelt obwohl das Wetter bescheiden ist. &#8222;Wo fahren wir denn heute hin?&#8220; Aber so ist es auch richtig! Wir sind zum Moped fahren hier, da k\u00f6nnen uns ein paar Regenwolken nicht von abbringen. Anne, Moni und Andi wollen heute aber einen motorradfreien Tag einlegen. Sie leihen [&hellip;]<\/p>\n","protected":false},"author":6,"featured_media":253,"comment_status":"open","ping_status":"open","sticky":false,"template":"","format":"standard","meta":{"_bbp_topic_count":0,"_bbp_reply_count":0,"_bbp_total_topic_count":0,"_bbp_total_reply_count":0,"_bbp_voice_count":0,"_bbp_anonymous_reply_count":0,"_bbp_topic_count_hidden":0,"_bbp_reply_count_hidden":0,"_bbp_forum_subforum_count":0,"jetpack_post_was_ever_published":false,"_jetpack_newsletter_access":"","_jetpack_dont_email_post_to_subs":true,"_jetpack_newsletter_tier_id":0,"_jetpack_memberships_contains_paywalled_content":false,"_jetpack_memberships_contains_paid_content":false,"footnotes":""},"categories":[29],"tags":[],"class_list":["post-275","post","type-post","status-publish","format-standard","has-post-thumbnail","hentry","category-touren"],"jetpack_featured_media_url":"https:\/\/i0.wp.com\/www.bdc-berlin.de\/cms\/wp-content\/uploads\/2012\/02\/Bild%2039.JPG?fit=638%2C480","jetpack_sharing_enabled":true,"jetpack_shortlink":"https:\/\/wp.me\/p8vfci-4r","_links":{"self":[{"href":"http:\/\/www.bdc-berlin.de\/cms\/wp-json\/wp\/v2\/posts\/275","targetHints":{"allow":["GET"]}}],"collection":[{"href":"http:\/\/www.bdc-berlin.de\/cms\/wp-json\/wp\/v2\/posts"}],"about":[{"href":"http:\/\/www.bdc-berlin.de\/cms\/wp-json\/wp\/v2\/types\/post"}],"author":[{"embeddable":true,"href":"http:\/\/www.bdc-berlin.de\/cms\/wp-json\/wp\/v2\/users\/6"}],"replies":[{"embeddable":true,"href":"http:\/\/www.bdc-berlin.de\/cms\/wp-json\/wp\/v2\/comments?post=275"}],"version-history":[{"count":6,"href":"http:\/\/www.bdc-berlin.de\/cms\/wp-json\/wp\/v2\/posts\/275\/revisions"}],"predecessor-version":[{"id":1835,"href":"http:\/\/www.bdc-berlin.de\/cms\/wp-json\/wp\/v2\/posts\/275\/revisions\/1835"}],"wp:featuredmedia":[{"embeddable":true,"href":"http:\/\/www.bdc-berlin.de\/cms\/wp-json\/wp\/v2\/media\/253"}],"wp:attachment":[{"href":"http:\/\/www.bdc-berlin.de\/cms\/wp-json\/wp\/v2\/media?parent=275"}],"wp:term":[{"taxonomy":"category","embeddable":true,"href":"http:\/\/www.bdc-berlin.de\/cms\/wp-json\/wp\/v2\/categories?post=275"},{"taxonomy":"post_tag","embeddable":true,"href":"http:\/\/www.bdc-berlin.de\/cms\/wp-json\/wp\/v2\/tags?post=275"}],"curies":[{"name":"wp","href":"https:\/\/api.w.org\/{rel}","templated":true}]}}