{"id":223,"date":"2007-05-30T19:47:03","date_gmt":"2007-05-30T17:47:03","guid":{"rendered":"http:\/\/www.bdc-berlin.de\/cms\/2012\/01\/29\/2007-oesterreich-i\/"},"modified":"2019-03-03T12:31:56","modified_gmt":"2019-03-03T11:31:56","slug":"2007-oesterreich-i","status":"publish","type":"post","link":"http:\/\/www.bdc-berlin.de\/cms\/2007-oesterreich-i\/","title":{"rendered":"\u00d6sterreich 2007 &#8211; Teil 1"},"content":{"rendered":"<h3>Mitwirkende:<\/h3>\n<div class=\"tiled-gallery type-rectangular tiled-gallery-unresized\" data-original-width=\"610\" data-carousel-extra='{&quot;blog_id&quot;:1,&quot;permalink&quot;:&quot;http:\\\/\\\/www.bdc-berlin.de\\\/cms\\\/2007-oesterreich-i\\\/&quot;,&quot;likes_blog_id&quot;:125657278}' itemscope itemtype=\"http:\/\/schema.org\/ImageGallery\" > <div class=\"gallery-row\" style=\"width: 610px; height: 622px;\" data-original-width=\"610\" data-original-height=\"622\" > <div class=\"gallery-group images-3\" style=\"width: 166px; height: 622px;\" data-original-width=\"166\" data-original-height=\"622\" > <div class=\"tiled-gallery-item tiled-gallery-item-small\" itemprop=\"associatedMedia\" itemscope itemtype=\"http:\/\/schema.org\/ImageObject\"> <a href=\"http:\/\/www.bdc-berlin.de\/cms\/2007-oesterreich-i\/attachment-moni\/\" border=\"0\" itemprop=\"url\"> <meta itemprop=\"width\" content=\"162\"> <meta itemprop=\"height\" content=\"186\"> <img decoding=\"async\" class=\"\" data-attachment-id=\"202\" data-orig-file=\"http:\/\/www.bdc-berlin.de\/cms\/wp-content\/uploads\/2012\/01\/Moni.JPG\" data-orig-size=\"480,553\" data-comments-opened=\"1\" data-image-meta=\"{&quot;aperture&quot;:&quot;0&quot;,&quot;credit&quot;:&quot;&quot;,&quot;camera&quot;:&quot;&quot;,&quot;caption&quot;:&quot;&quot;,&quot;created_timestamp&quot;:&quot;0&quot;,&quot;copyright&quot;:&quot;&quot;,&quot;focal_length&quot;:&quot;0&quot;,&quot;iso&quot;:&quot;0&quot;,&quot;shutter_speed&quot;:&quot;0&quot;,&quot;title&quot;:&quot;&quot;,&quot;orientation&quot;:&quot;0&quot;}\" data-image-title=\"Moni\" data-image-description=\"\" data-medium-file=\"https:\/\/i0.wp.com\/www.bdc-berlin.de\/cms\/wp-content\/uploads\/2012\/01\/Moni.JPG?fit=260%2C300\" data-large-file=\"https:\/\/i0.wp.com\/www.bdc-berlin.de\/cms\/wp-content\/uploads\/2012\/01\/Moni.JPG?fit=480%2C553\" src=\"https:\/\/i0.wp.com\/www.bdc-berlin.de\/cms\/wp-content\/uploads\/2012\/01\/Moni.JPG?w=162&#038;h=186\" srcset=\"https:\/\/i0.wp.com\/www.bdc-berlin.de\/cms\/wp-content\/uploads\/2012\/01\/Moni.JPG?w=480 480w, https:\/\/i0.wp.com\/www.bdc-berlin.de\/cms\/wp-content\/uploads\/2012\/01\/Moni.JPG?resize=260%2C300 260w\" width=\"162\" height=\"186\" loading=\"lazy\" data-original-width=\"162\" data-original-height=\"186\" itemprop=\"http:\/\/schema.org\/image\" title=\"Moni\" alt=\"Moni\" style=\"width: 162px; height: 186px;\" \/> <\/a> <div class=\"tiled-gallery-caption\" itemprop=\"caption description\"> Moni <\/div> <\/div> <div class=\"tiled-gallery-item tiled-gallery-item-small\" itemprop=\"associatedMedia\" itemscope itemtype=\"http:\/\/schema.org\/ImageObject\"> <a href=\"http:\/\/www.bdc-berlin.de\/cms\/2007-oesterreich-i\/attachment-andy\/\" border=\"0\" itemprop=\"url\"> <meta itemprop=\"width\" content=\"162\"> <meta itemprop=\"height\" content=\"213\"> <img decoding=\"async\" class=\"\" data-attachment-id=\"203\" data-orig-file=\"http:\/\/www.bdc-berlin.de\/cms\/wp-content\/uploads\/2012\/01\/Andy.JPG\" data-orig-size=\"480,631\" data-comments-opened=\"1\" data-image-meta=\"{&quot;aperture&quot;:&quot;0&quot;,&quot;credit&quot;:&quot;&quot;,&quot;camera&quot;:&quot;&quot;,&quot;caption&quot;:&quot;&quot;,&quot;created_timestamp&quot;:&quot;0&quot;,&quot;copyright&quot;:&quot;&quot;,&quot;focal_length&quot;:&quot;0&quot;,&quot;iso&quot;:&quot;0&quot;,&quot;shutter_speed&quot;:&quot;0&quot;,&quot;title&quot;:&quot;&quot;,&quot;orientation&quot;:&quot;0&quot;}\" data-image-title=\"Andy\" data-image-description=\"\" data-medium-file=\"https:\/\/i0.wp.com\/www.bdc-berlin.de\/cms\/wp-content\/uploads\/2012\/01\/Andy.JPG?fit=228%2C300\" data-large-file=\"https:\/\/i0.wp.com\/www.bdc-berlin.de\/cms\/wp-content\/uploads\/2012\/01\/Andy.JPG?fit=480%2C631\" src=\"https:\/\/i0.wp.com\/www.bdc-berlin.de\/cms\/wp-content\/uploads\/2012\/01\/Andy.JPG?w=162&#038;h=213\" srcset=\"https:\/\/i0.wp.com\/www.bdc-berlin.de\/cms\/wp-content\/uploads\/2012\/01\/Andy.JPG?w=480 480w, https:\/\/i0.wp.com\/www.bdc-berlin.de\/cms\/wp-content\/uploads\/2012\/01\/Andy.JPG?resize=228%2C300 228w\" width=\"162\" height=\"213\" loading=\"lazy\" data-original-width=\"162\" data-original-height=\"213\" itemprop=\"http:\/\/schema.org\/image\" title=\"Andy\" alt=\"Andy\" style=\"width: 162px; height: 213px;\" \/> <\/a> <div class=\"tiled-gallery-caption\" itemprop=\"caption description\"> Andy <\/div> <\/div> <div class=\"tiled-gallery-item tiled-gallery-item-small\" itemprop=\"associatedMedia\" itemscope itemtype=\"http:\/\/schema.org\/ImageObject\"> <a href=\"http:\/\/www.bdc-berlin.de\/cms\/2007-oesterreich-i\/attachment-lothar\/\" border=\"0\" itemprop=\"url\"> <meta itemprop=\"width\" content=\"162\"> <meta itemprop=\"height\" content=\"211\"> <img decoding=\"async\" class=\"\" data-attachment-id=\"205\" data-orig-file=\"http:\/\/www.bdc-berlin.de\/cms\/wp-content\/uploads\/2012\/01\/Lothar.JPG\" data-orig-size=\"480,625\" data-comments-opened=\"1\" data-image-meta=\"{&quot;aperture&quot;:&quot;0&quot;,&quot;credit&quot;:&quot;&quot;,&quot;camera&quot;:&quot;&quot;,&quot;caption&quot;:&quot;&quot;,&quot;created_timestamp&quot;:&quot;0&quot;,&quot;copyright&quot;:&quot;&quot;,&quot;focal_length&quot;:&quot;0&quot;,&quot;iso&quot;:&quot;0&quot;,&quot;shutter_speed&quot;:&quot;0&quot;,&quot;title&quot;:&quot;&quot;,&quot;orientation&quot;:&quot;0&quot;}\" data-image-title=\"Lothar\" data-image-description=\"\" data-medium-file=\"https:\/\/i0.wp.com\/www.bdc-berlin.de\/cms\/wp-content\/uploads\/2012\/01\/Lothar.JPG?fit=230%2C300\" data-large-file=\"https:\/\/i0.wp.com\/www.bdc-berlin.de\/cms\/wp-content\/uploads\/2012\/01\/Lothar.JPG?fit=480%2C625\" src=\"https:\/\/i0.wp.com\/www.bdc-berlin.de\/cms\/wp-content\/uploads\/2012\/01\/Lothar.JPG?w=162&#038;h=211\" srcset=\"https:\/\/i0.wp.com\/www.bdc-berlin.de\/cms\/wp-content\/uploads\/2012\/01\/Lothar.JPG?w=480 480w, https:\/\/i0.wp.com\/www.bdc-berlin.de\/cms\/wp-content\/uploads\/2012\/01\/Lothar.JPG?resize=230%2C300 230w\" width=\"162\" height=\"211\" loading=\"lazy\" data-original-width=\"162\" data-original-height=\"211\" itemprop=\"http:\/\/schema.org\/image\" title=\"Lothar\" alt=\"Lothar\" style=\"width: 162px; height: 211px;\" \/> <\/a> <div class=\"tiled-gallery-caption\" itemprop=\"caption description\"> Lothar <\/div> <\/div> <\/div> <!-- close group --> <div class=\"gallery-group images-3\" style=\"width: 158px; height: 622px;\" data-original-width=\"158\" data-original-height=\"622\" > <div class=\"tiled-gallery-item tiled-gallery-item-small\" itemprop=\"associatedMedia\" itemscope itemtype=\"http:\/\/schema.org\/ImageObject\"> <a href=\"http:\/\/www.bdc-berlin.de\/cms\/2007-oesterreich-i\/attachment-anne\/\" border=\"0\" itemprop=\"url\"> <meta itemprop=\"width\" content=\"154\"> <meta itemprop=\"height\" content=\"217\"> <img decoding=\"async\" class=\"\" data-attachment-id=\"204\" data-orig-file=\"http:\/\/www.bdc-berlin.de\/cms\/wp-content\/uploads\/2012\/01\/Anne.JPG\" data-orig-size=\"453,640\" data-comments-opened=\"1\" data-image-meta=\"{&quot;aperture&quot;:&quot;0&quot;,&quot;credit&quot;:&quot;&quot;,&quot;camera&quot;:&quot;&quot;,&quot;caption&quot;:&quot;&quot;,&quot;created_timestamp&quot;:&quot;0&quot;,&quot;copyright&quot;:&quot;&quot;,&quot;focal_length&quot;:&quot;0&quot;,&quot;iso&quot;:&quot;0&quot;,&quot;shutter_speed&quot;:&quot;0&quot;,&quot;title&quot;:&quot;&quot;,&quot;orientation&quot;:&quot;0&quot;}\" data-image-title=\"Anne\" data-image-description=\"\" data-medium-file=\"https:\/\/i0.wp.com\/www.bdc-berlin.de\/cms\/wp-content\/uploads\/2012\/01\/Anne.JPG?fit=212%2C300\" data-large-file=\"https:\/\/i0.wp.com\/www.bdc-berlin.de\/cms\/wp-content\/uploads\/2012\/01\/Anne.JPG?fit=453%2C640\" src=\"https:\/\/i0.wp.com\/www.bdc-berlin.de\/cms\/wp-content\/uploads\/2012\/01\/Anne.JPG?w=154&#038;h=217\" srcset=\"https:\/\/i0.wp.com\/www.bdc-berlin.de\/cms\/wp-content\/uploads\/2012\/01\/Anne.JPG?w=453 453w, https:\/\/i0.wp.com\/www.bdc-berlin.de\/cms\/wp-content\/uploads\/2012\/01\/Anne.JPG?resize=212%2C300 212w\" width=\"154\" height=\"217\" loading=\"lazy\" data-original-width=\"154\" data-original-height=\"217\" itemprop=\"http:\/\/schema.org\/image\" title=\"Anne\" alt=\"Anne\" style=\"width: 154px; height: 217px;\" \/> <\/a> <div class=\"tiled-gallery-caption\" itemprop=\"caption description\"> Anne <\/div> <\/div> <div class=\"tiled-gallery-item tiled-gallery-item-small\" itemprop=\"associatedMedia\" itemscope itemtype=\"http:\/\/schema.org\/ImageObject\"> <a href=\"http:\/\/www.bdc-berlin.de\/cms\/2007-oesterreich-i\/attachment-silvia\/\" border=\"0\" itemprop=\"url\"> <meta itemprop=\"width\" content=\"154\"> <meta itemprop=\"height\" content=\"187\"> <img decoding=\"async\" class=\"\" data-attachment-id=\"206\" data-orig-file=\"http:\/\/www.bdc-berlin.de\/cms\/wp-content\/uploads\/2012\/01\/Silvia.JPG\" data-orig-size=\"480,582\" data-comments-opened=\"1\" data-image-meta=\"{&quot;aperture&quot;:&quot;0&quot;,&quot;credit&quot;:&quot;&quot;,&quot;camera&quot;:&quot;&quot;,&quot;caption&quot;:&quot;&quot;,&quot;created_timestamp&quot;:&quot;0&quot;,&quot;copyright&quot;:&quot;&quot;,&quot;focal_length&quot;:&quot;0&quot;,&quot;iso&quot;:&quot;0&quot;,&quot;shutter_speed&quot;:&quot;0&quot;,&quot;title&quot;:&quot;&quot;,&quot;orientation&quot;:&quot;0&quot;}\" data-image-title=\"Silvia\" data-image-description=\"\" data-medium-file=\"https:\/\/i0.wp.com\/www.bdc-berlin.de\/cms\/wp-content\/uploads\/2012\/01\/Silvia.JPG?fit=247%2C300\" data-large-file=\"https:\/\/i0.wp.com\/www.bdc-berlin.de\/cms\/wp-content\/uploads\/2012\/01\/Silvia.JPG?fit=480%2C582\" src=\"https:\/\/i0.wp.com\/www.bdc-berlin.de\/cms\/wp-content\/uploads\/2012\/01\/Silvia.JPG?w=154&#038;h=187\" srcset=\"https:\/\/i0.wp.com\/www.bdc-berlin.de\/cms\/wp-content\/uploads\/2012\/01\/Silvia.JPG?w=480 480w, https:\/\/i0.wp.com\/www.bdc-berlin.de\/cms\/wp-content\/uploads\/2012\/01\/Silvia.JPG?resize=247%2C300 247w\" width=\"154\" height=\"187\" loading=\"lazy\" data-original-width=\"154\" data-original-height=\"187\" itemprop=\"http:\/\/schema.org\/image\" title=\"Silvia\" alt=\"Silvia\" style=\"width: 154px; height: 187px;\" \/> <\/a> <div class=\"tiled-gallery-caption\" itemprop=\"caption description\"> Silvia <\/div> <\/div> <div class=\"tiled-gallery-item tiled-gallery-item-small\" itemprop=\"associatedMedia\" itemscope itemtype=\"http:\/\/schema.org\/ImageObject\"> <a href=\"http:\/\/www.bdc-berlin.de\/cms\/2007-oesterreich-i\/attachment-kathi\/\" border=\"0\" itemprop=\"url\"> <meta itemprop=\"width\" content=\"154\"> <meta itemprop=\"height\" content=\"206\"> <img decoding=\"async\" class=\"\" data-attachment-id=\"207\" data-orig-file=\"http:\/\/www.bdc-berlin.de\/cms\/wp-content\/uploads\/2012\/01\/Kathi.JPG\" data-orig-size=\"478,640\" data-comments-opened=\"1\" data-image-meta=\"{&quot;aperture&quot;:&quot;0&quot;,&quot;credit&quot;:&quot;&quot;,&quot;camera&quot;:&quot;&quot;,&quot;caption&quot;:&quot;&quot;,&quot;created_timestamp&quot;:&quot;0&quot;,&quot;copyright&quot;:&quot;&quot;,&quot;focal_length&quot;:&quot;0&quot;,&quot;iso&quot;:&quot;0&quot;,&quot;shutter_speed&quot;:&quot;0&quot;,&quot;title&quot;:&quot;&quot;,&quot;orientation&quot;:&quot;0&quot;}\" data-image-title=\"Kathi\" data-image-description=\"\" data-medium-file=\"https:\/\/i0.wp.com\/www.bdc-berlin.de\/cms\/wp-content\/uploads\/2012\/01\/Kathi.JPG?fit=224%2C300\" data-large-file=\"https:\/\/i0.wp.com\/www.bdc-berlin.de\/cms\/wp-content\/uploads\/2012\/01\/Kathi.JPG?fit=478%2C640\" src=\"https:\/\/i0.wp.com\/www.bdc-berlin.de\/cms\/wp-content\/uploads\/2012\/01\/Kathi.JPG?w=154&#038;h=206\" srcset=\"https:\/\/i0.wp.com\/www.bdc-berlin.de\/cms\/wp-content\/uploads\/2012\/01\/Kathi.JPG?w=478 478w, https:\/\/i0.wp.com\/www.bdc-berlin.de\/cms\/wp-content\/uploads\/2012\/01\/Kathi.JPG?resize=224%2C300 224w\" width=\"154\" height=\"206\" loading=\"lazy\" data-original-width=\"154\" data-original-height=\"206\" itemprop=\"http:\/\/schema.org\/image\" title=\"Kathi\" alt=\"Kathi\" style=\"width: 154px; height: 206px;\" \/> <\/a> <div class=\"tiled-gallery-caption\" itemprop=\"caption description\"> Kathi <\/div> <\/div> <\/div> <!-- close group --> <div class=\"gallery-group images-2\" style=\"width: 286px; height: 622px;\" data-original-width=\"286\" data-original-height=\"622\" > <div class=\"tiled-gallery-item tiled-gallery-item-large\" itemprop=\"associatedMedia\" itemscope itemtype=\"http:\/\/schema.org\/ImageObject\"> <a href=\"http:\/\/www.bdc-berlin.de\/cms\/2007-oesterreich-i\/attachment-falco\/\" border=\"0\" itemprop=\"url\"> <meta itemprop=\"width\" content=\"282\"> <meta itemprop=\"height\" content=\"423\"> <img decoding=\"async\" class=\"\" data-attachment-id=\"208\" data-orig-file=\"http:\/\/www.bdc-berlin.de\/cms\/wp-content\/uploads\/2012\/01\/Falco.JPG\" data-orig-size=\"426,640\" data-comments-opened=\"1\" data-image-meta=\"{&quot;aperture&quot;:&quot;0&quot;,&quot;credit&quot;:&quot;&quot;,&quot;camera&quot;:&quot;&quot;,&quot;caption&quot;:&quot;&quot;,&quot;created_timestamp&quot;:&quot;0&quot;,&quot;copyright&quot;:&quot;&quot;,&quot;focal_length&quot;:&quot;0&quot;,&quot;iso&quot;:&quot;0&quot;,&quot;shutter_speed&quot;:&quot;0&quot;,&quot;title&quot;:&quot;&quot;,&quot;orientation&quot;:&quot;0&quot;}\" data-image-title=\"Falco\" data-image-description=\"\" data-medium-file=\"https:\/\/i0.wp.com\/www.bdc-berlin.de\/cms\/wp-content\/uploads\/2012\/01\/Falco.JPG?fit=200%2C300\" data-large-file=\"https:\/\/i0.wp.com\/www.bdc-berlin.de\/cms\/wp-content\/uploads\/2012\/01\/Falco.JPG?fit=426%2C640\" src=\"https:\/\/i0.wp.com\/www.bdc-berlin.de\/cms\/wp-content\/uploads\/2012\/01\/Falco.JPG?w=282&#038;h=423\" srcset=\"https:\/\/i0.wp.com\/www.bdc-berlin.de\/cms\/wp-content\/uploads\/2012\/01\/Falco.JPG?w=426 426w, https:\/\/i0.wp.com\/www.bdc-berlin.de\/cms\/wp-content\/uploads\/2012\/01\/Falco.JPG?resize=200%2C300 200w\" width=\"282\" height=\"423\" loading=\"lazy\" data-original-width=\"282\" data-original-height=\"423\" itemprop=\"http:\/\/schema.org\/image\" title=\"Falco\" alt=\"Falco\" style=\"width: 282px; height: 423px;\" \/> <\/a> <div class=\"tiled-gallery-caption\" itemprop=\"caption description\"> Falco <\/div> <\/div> <div class=\"tiled-gallery-item tiled-gallery-item-large\" itemprop=\"associatedMedia\" itemscope itemtype=\"http:\/\/schema.org\/ImageObject\"> <a href=\"http:\/\/www.bdc-berlin.de\/cms\/2007-oesterreich-i\/attachment-anneget-und-hermann\/\" border=\"0\" itemprop=\"url\"> <meta itemprop=\"width\" content=\"282\"> <meta itemprop=\"height\" content=\"191\"> <img decoding=\"async\" class=\"\" data-attachment-id=\"209\" data-orig-file=\"http:\/\/www.bdc-berlin.de\/cms\/wp-content\/uploads\/2012\/01\/Anneget%20und%20Hermann.JPG\" data-orig-size=\"640,433\" data-comments-opened=\"1\" data-image-meta=\"{&quot;aperture&quot;:&quot;0&quot;,&quot;credit&quot;:&quot;&quot;,&quot;camera&quot;:&quot;&quot;,&quot;caption&quot;:&quot;&quot;,&quot;created_timestamp&quot;:&quot;0&quot;,&quot;copyright&quot;:&quot;&quot;,&quot;focal_length&quot;:&quot;0&quot;,&quot;iso&quot;:&quot;0&quot;,&quot;shutter_speed&quot;:&quot;0&quot;,&quot;title&quot;:&quot;&quot;,&quot;orientation&quot;:&quot;0&quot;}\" data-image-title=\"Anneget und Hermann\" data-image-description=\"\" data-medium-file=\"https:\/\/i0.wp.com\/www.bdc-berlin.de\/cms\/wp-content\/uploads\/2012\/01\/Anneget%20und%20Hermann.JPG?fit=300%2C203\" data-large-file=\"https:\/\/i0.wp.com\/www.bdc-berlin.de\/cms\/wp-content\/uploads\/2012\/01\/Anneget%20und%20Hermann.JPG?fit=610%2C413\" src=\"https:\/\/i0.wp.com\/www.bdc-berlin.de\/cms\/wp-content\/uploads\/2012\/01\/Anneget%20und%20Hermann.JPG?w=282&#038;h=191\" width=\"282\" height=\"191\" loading=\"lazy\" data-original-width=\"282\" data-original-height=\"191\" itemprop=\"http:\/\/schema.org\/image\" title=\"Anneget und Hermann\" alt=\"Anneget und Hermann\" style=\"width: 282px; height: 191px;\" \/> <\/a> <div class=\"tiled-gallery-caption\" itemprop=\"caption description\"> Anneget und Hermann <\/div> <\/div> <\/div> <!-- close group --> <\/div> <!-- close row --> <\/div>\n<p>Geschafft !<\/p>\n<p style=\"text-align: justify;\">H\u00f6rt sich als \u00dcberschrift furchtbar an oder? Es ist ein Dank. Weil: eine nette Truppe zusammenstellen, alles buchen, Essen und Trinken besorgen, gutes Wetter haben, und viele andere Dinge die in dieser sch\u00f6nen Woche passiert sind, haben wir jetzt geschafft. Noch unverst\u00e4ndlich? Vielleicht so: Es war ein unglaublich sch\u00f6ner, erholsamer Urlaub. Dazu haben alle beigetragen. Als erstes geht der Dank an Annegret und Hermann Pichler. Sie haben uns auch dieses Jahr wieder herzlich in ihrem Haus aufgenommen, eine supersch\u00f6ne Tour mit uns gemacht und uns so manch einen Abend vers\u00fc\u00dft. Dann Moni, sie hat die Bahnreise f\u00fcr uns gebucht und so manch anderes organisiert. Falko war unser pers\u00f6nlicher &#8222;F\u00fchrer&#8220;. Jeder hat seinen Teil zu diesem perfekten Urlaub &#8222;geschaffen&#8220;. Letztlich sind wir auch dankbar \u00fcber das gute Wetter dieser Tage und das Mensch und Maschine wieder heil zur\u00fcck sind. Das alles haben wir zusammen geschafft!<\/p>\n<div>*CHACKA*<\/div>\n<div><\/div>\n<p><!--nextpage--><\/p>\n<h2>Mittwoch 30.05.2007<\/h2>\n<p style=\"text-align: justify;\">Aufgeregt und voller Vorfreude beginnt der Urlaub um 18.00 Uhr mit dem obligatorischen Treffen auf der &#8222;Spinnerbr\u00fccke&#8220;.<\/p>\n<p style=\"text-align: justify;\"><a href=\"https:\/\/i0.wp.com\/www.bdc-berlin.de\/cms\/wp-content\/uploads\/2012\/01\/Bild%201.JPG\"><img data-recalc-dims=\"1\" loading=\"lazy\" decoding=\"async\" data-attachment-id=\"210\" data-permalink=\"http:\/\/www.bdc-berlin.de\/cms\/2007-oesterreich-i\/attachment-bild-1\/\" data-orig-file=\"https:\/\/i0.wp.com\/www.bdc-berlin.de\/cms\/wp-content\/uploads\/2012\/01\/Bild%201.JPG?fit=640%2C480\" data-orig-size=\"640,480\" data-comments-opened=\"1\" data-image-meta=\"{&quot;aperture&quot;:&quot;0&quot;,&quot;credit&quot;:&quot;&quot;,&quot;camera&quot;:&quot;&quot;,&quot;caption&quot;:&quot;&quot;,&quot;created_timestamp&quot;:&quot;0&quot;,&quot;copyright&quot;:&quot;&quot;,&quot;focal_length&quot;:&quot;0&quot;,&quot;iso&quot;:&quot;0&quot;,&quot;shutter_speed&quot;:&quot;0&quot;,&quot;title&quot;:&quot;&quot;,&quot;orientation&quot;:&quot;0&quot;}\" data-image-title=\"Spinnerbr\u00fccke Berlin\" data-image-description=\"\" data-image-caption=\"\" data-large-file=\"https:\/\/i0.wp.com\/www.bdc-berlin.de\/cms\/wp-content\/uploads\/2012\/01\/Bild%201.JPG?fit=610%2C458\" class=\"alignleft size-thumbnail wp-image-210\" src=\"https:\/\/i0.wp.com\/www.bdc-berlin.de\/cms\/wp-content\/uploads\/2012\/01\/Bild%201-150x150.jpg?resize=150%2C150\" alt=\"\" width=\"150\" height=\"150\" srcset=\"https:\/\/i0.wp.com\/www.bdc-berlin.de\/cms\/wp-content\/uploads\/2012\/01\/Bild%201.JPG?resize=150%2C150 150w, https:\/\/i0.wp.com\/www.bdc-berlin.de\/cms\/wp-content\/uploads\/2012\/01\/Bild%201.JPG?zoom=2&amp;resize=150%2C150 300w, https:\/\/i0.wp.com\/www.bdc-berlin.de\/cms\/wp-content\/uploads\/2012\/01\/Bild%201.JPG?zoom=3&amp;resize=150%2C150 450w\" sizes=\"auto, (max-width: 150px) 100vw, 150px\" \/><\/a>Gest\u00e4rkt geht es mit voll-gepackten Maschinen zum Reisezugbahnhof Wannsee. Kathi hat noch einen Rucksack zus\u00e4tzlich auf dem R\u00fccken, da der halbe Hausrat nicht in die kleinen Koffer der Triumph passte. Andi lacht dar\u00fcber nur und freut sich wie ein Schneek\u00f6nig, das in seine Koffer des Vorg\u00e4ngermodels der ganze Hausrat passt.<\/p>\n<p style=\"text-align: justify;\">Ich muss gestehen, dass nicht alles was neu ist auch zwangsl\u00e4ufig besser ist. Ich bin mir aber nicht sicher ob seine Schwester Anne nicht auch ein paar Pfund in die Gep\u00e4ckrolle ihrer alten Honda bekommen hat.<\/p>\n<p style=\"text-align: justify;\"><a href=\"https:\/\/i0.wp.com\/www.bdc-berlin.de\/cms\/wp-content\/uploads\/2012\/01\/Bild%202.JPG\"><img data-recalc-dims=\"1\" loading=\"lazy\" decoding=\"async\" data-attachment-id=\"211\" data-permalink=\"http:\/\/www.bdc-berlin.de\/cms\/2007-oesterreich-i\/attachment-bild-2\/\" data-orig-file=\"https:\/\/i0.wp.com\/www.bdc-berlin.de\/cms\/wp-content\/uploads\/2012\/01\/Bild%202.JPG?fit=640%2C480\" data-orig-size=\"640,480\" data-comments-opened=\"1\" data-image-meta=\"{&quot;aperture&quot;:&quot;0&quot;,&quot;credit&quot;:&quot;&quot;,&quot;camera&quot;:&quot;&quot;,&quot;caption&quot;:&quot;&quot;,&quot;created_timestamp&quot;:&quot;0&quot;,&quot;copyright&quot;:&quot;&quot;,&quot;focal_length&quot;:&quot;0&quot;,&quot;iso&quot;:&quot;0&quot;,&quot;shutter_speed&quot;:&quot;0&quot;,&quot;title&quot;:&quot;&quot;,&quot;orientation&quot;:&quot;0&quot;}\" data-image-title=\"Auitozug Berlin Wannsee\" data-image-description=\"\" data-image-caption=\"\" data-large-file=\"https:\/\/i0.wp.com\/www.bdc-berlin.de\/cms\/wp-content\/uploads\/2012\/01\/Bild%202.JPG?fit=610%2C458\" class=\"alignright size-thumbnail wp-image-211\" src=\"https:\/\/i0.wp.com\/www.bdc-berlin.de\/cms\/wp-content\/uploads\/2012\/01\/Bild%202-150x150.jpg?resize=150%2C150\" alt=\"\" width=\"150\" height=\"150\" srcset=\"https:\/\/i0.wp.com\/www.bdc-berlin.de\/cms\/wp-content\/uploads\/2012\/01\/Bild%202.JPG?resize=150%2C150 150w, https:\/\/i0.wp.com\/www.bdc-berlin.de\/cms\/wp-content\/uploads\/2012\/01\/Bild%202.JPG?zoom=2&amp;resize=150%2C150 300w, https:\/\/i0.wp.com\/www.bdc-berlin.de\/cms\/wp-content\/uploads\/2012\/01\/Bild%202.JPG?zoom=3&amp;resize=150%2C150 450w\" sizes=\"auto, (max-width: 150px) 100vw, 150px\" \/><\/a>Beim verladen der Mopeds stehen einem wieder die Haare zu Berge. Kaum zu glauben wie d\u00e4mlich man sich beim befestigen der Mopeds auf dem Waggon immer wieder anstellen kann. Aber das Personal ist in diesem Jahr wenigstens freundlich und kooperativ.<\/p>\n<p style=\"text-align: justify;\"><a href=\"https:\/\/i0.wp.com\/www.bdc-berlin.de\/cms\/wp-content\/uploads\/2012\/01\/Bild%203.JPG\"><img data-recalc-dims=\"1\" loading=\"lazy\" decoding=\"async\" data-attachment-id=\"212\" data-permalink=\"http:\/\/www.bdc-berlin.de\/cms\/2007-oesterreich-i\/attachment-bild-3\/\" data-orig-file=\"https:\/\/i0.wp.com\/www.bdc-berlin.de\/cms\/wp-content\/uploads\/2012\/01\/Bild%203.JPG?fit=479%2C640\" data-orig-size=\"479,640\" data-comments-opened=\"1\" data-image-meta=\"{&quot;aperture&quot;:&quot;0&quot;,&quot;credit&quot;:&quot;&quot;,&quot;camera&quot;:&quot;&quot;,&quot;caption&quot;:&quot;&quot;,&quot;created_timestamp&quot;:&quot;0&quot;,&quot;copyright&quot;:&quot;&quot;,&quot;focal_length&quot;:&quot;0&quot;,&quot;iso&quot;:&quot;0&quot;,&quot;shutter_speed&quot;:&quot;0&quot;,&quot;title&quot;:&quot;&quot;,&quot;orientation&quot;:&quot;0&quot;}\" data-image-title=\"Bild 3\" data-image-description=\"\" data-image-caption=\"\" data-large-file=\"https:\/\/i0.wp.com\/www.bdc-berlin.de\/cms\/wp-content\/uploads\/2012\/01\/Bild%203.JPG?fit=479%2C640\" class=\"alignleft size-thumbnail wp-image-212\" src=\"https:\/\/i0.wp.com\/www.bdc-berlin.de\/cms\/wp-content\/uploads\/2012\/01\/Bild%203-150x150.jpg?resize=150%2C150\" alt=\"\" width=\"150\" height=\"150\" srcset=\"https:\/\/i0.wp.com\/www.bdc-berlin.de\/cms\/wp-content\/uploads\/2012\/01\/Bild%203.JPG?resize=150%2C150 150w, https:\/\/i0.wp.com\/www.bdc-berlin.de\/cms\/wp-content\/uploads\/2012\/01\/Bild%203.JPG?zoom=2&amp;resize=150%2C150 300w, https:\/\/i0.wp.com\/www.bdc-berlin.de\/cms\/wp-content\/uploads\/2012\/01\/Bild%203.JPG?zoom=3&amp;resize=150%2C150 450w\" sizes=\"auto, (max-width: 150px) 100vw, 150px\" \/><\/a>Die Abteile sind schnell aufgeteilt. Wie besprochen gehen die Schnarcher in das eine und die &#8222;jungen-h\u00fcbschen&#8220; Biker ;o) in das andere Abteil. Noch schnell auf einen sch\u00f6nen Urlaub angesto\u00dfen und dann geht&#8217;s ab in die Koje.<\/p>\n<p><!--nextpage--><\/p>\n<h2>Donnerstag 31.05.2007<\/h2>\n<p style=\"text-align: justify;\">Lothar kann es nicht erwarten, er l\u00e4uft vor dem Abteil auf und ab. Unsere Nasen weckt ein frischer Kaffeeduft und als wir das letzte Auge ge\u00f6ffnet haben wird auch schon das Fr\u00fchst\u00fcck von einem lieben &#8222;s\u00e4chselnden&#8220; DB-Mitarbeiter serviert. Das Br\u00f6tchen ist gerade mal im Mund, da schreit schon der erste &#8222;Berge&#8220;!<\/p>\n<p style=\"text-align: justify;\"><a href=\"https:\/\/i0.wp.com\/www.bdc-berlin.de\/cms\/wp-content\/uploads\/2012\/01\/Bild%204.JPG\"><img data-recalc-dims=\"1\" loading=\"lazy\" decoding=\"async\" data-attachment-id=\"213\" data-permalink=\"http:\/\/www.bdc-berlin.de\/cms\/2007-oesterreich-i\/attachment-bild-4\/\" data-orig-file=\"https:\/\/i0.wp.com\/www.bdc-berlin.de\/cms\/wp-content\/uploads\/2012\/01\/Bild%204.JPG?fit=638%2C480\" data-orig-size=\"638,480\" data-comments-opened=\"1\" data-image-meta=\"{&quot;aperture&quot;:&quot;0&quot;,&quot;credit&quot;:&quot;&quot;,&quot;camera&quot;:&quot;&quot;,&quot;caption&quot;:&quot;&quot;,&quot;created_timestamp&quot;:&quot;0&quot;,&quot;copyright&quot;:&quot;&quot;,&quot;focal_length&quot;:&quot;0&quot;,&quot;iso&quot;:&quot;0&quot;,&quot;shutter_speed&quot;:&quot;0&quot;,&quot;title&quot;:&quot;&quot;,&quot;orientation&quot;:&quot;0&quot;}\" data-image-title=\"Villach\" data-image-description=\"\" data-image-caption=\"\" data-large-file=\"https:\/\/i0.wp.com\/www.bdc-berlin.de\/cms\/wp-content\/uploads\/2012\/01\/Bild%204.JPG?fit=610%2C459\" class=\"alignright size-thumbnail wp-image-213\" src=\"https:\/\/i0.wp.com\/www.bdc-berlin.de\/cms\/wp-content\/uploads\/2012\/01\/Bild%204-150x150.jpg?resize=150%2C150\" alt=\"\" width=\"150\" height=\"150\" srcset=\"https:\/\/i0.wp.com\/www.bdc-berlin.de\/cms\/wp-content\/uploads\/2012\/01\/Bild%204.JPG?resize=150%2C150 150w, https:\/\/i0.wp.com\/www.bdc-berlin.de\/cms\/wp-content\/uploads\/2012\/01\/Bild%204.JPG?zoom=2&amp;resize=150%2C150 300w, https:\/\/i0.wp.com\/www.bdc-berlin.de\/cms\/wp-content\/uploads\/2012\/01\/Bild%204.JPG?zoom=3&amp;resize=150%2C150 450w\" sizes=\"auto, (max-width: 150px) 100vw, 150px\" \/><\/a>P\u00fcnktlich erreichen wir das schon sehr warme Villach. Schnell sind die Mopeds abgeladen, aufgesattelt und schon halten wir wieder. Der Tank meiner Triumph ist leer. Nein, nein, so viel verbraucht sie nun auch nicht meine neue Triumph Sprint ST. Aber in \u00d6sterreich ist das Benzin einige Cent g\u00fcnstiger. In Berlin kostet der Liter momentan 1,40 \u20ac, hier immerhin &#8222;nur&#8220; 1,15 \u20ac.<\/p>\n<p style=\"text-align: justify;\">\u00dcber die B 111 ist der Ort Pa\u00dfriach bei Hermagor schnell erreicht und die liebe Wirtin Annegret bereitet uns einen herzlichen Empfang. Zu einem Begr\u00fc\u00dfungsschnaps kann auch keiner nein sagen, schon gar nicht zum Selbst gebrannten von Annegrets Bruder.<\/p>\n<p style=\"text-align: justify;\"><a href=\"https:\/\/i0.wp.com\/www.bdc-berlin.de\/cms\/wp-content\/uploads\/2012\/01\/Bild%205.JPG\"><img data-recalc-dims=\"1\" loading=\"lazy\" decoding=\"async\" data-attachment-id=\"214\" data-permalink=\"http:\/\/www.bdc-berlin.de\/cms\/2007-oesterreich-i\/attachment-bild-5\/\" data-orig-file=\"https:\/\/i0.wp.com\/www.bdc-berlin.de\/cms\/wp-content\/uploads\/2012\/01\/Bild%205.JPG?fit=640%2C480\" data-orig-size=\"640,480\" data-comments-opened=\"1\" data-image-meta=\"{&quot;aperture&quot;:&quot;0&quot;,&quot;credit&quot;:&quot;&quot;,&quot;camera&quot;:&quot;&quot;,&quot;caption&quot;:&quot;&quot;,&quot;created_timestamp&quot;:&quot;0&quot;,&quot;copyright&quot;:&quot;&quot;,&quot;focal_length&quot;:&quot;0&quot;,&quot;iso&quot;:&quot;0&quot;,&quot;shutter_speed&quot;:&quot;0&quot;,&quot;title&quot;:&quot;&quot;,&quot;orientation&quot;:&quot;0&quot;}\" data-image-title=\"Bild 5\" data-image-description=\"\" data-image-caption=\"\" data-large-file=\"https:\/\/i0.wp.com\/www.bdc-berlin.de\/cms\/wp-content\/uploads\/2012\/01\/Bild%205.JPG?fit=610%2C458\" class=\"size-thumbnail wp-image-214 alignleft\" src=\"https:\/\/i0.wp.com\/www.bdc-berlin.de\/cms\/wp-content\/uploads\/2012\/01\/Bild%205-150x150.jpg?resize=150%2C150\" alt=\"\" width=\"150\" height=\"150\" srcset=\"https:\/\/i0.wp.com\/www.bdc-berlin.de\/cms\/wp-content\/uploads\/2012\/01\/Bild%205.JPG?resize=150%2C150 150w, https:\/\/i0.wp.com\/www.bdc-berlin.de\/cms\/wp-content\/uploads\/2012\/01\/Bild%205.JPG?zoom=2&amp;resize=150%2C150 300w, https:\/\/i0.wp.com\/www.bdc-berlin.de\/cms\/wp-content\/uploads\/2012\/01\/Bild%205.JPG?zoom=3&amp;resize=150%2C150 450w\" sizes=\"auto, (max-width: 150px) 100vw, 150px\" \/><\/a>Schnell sind die Sachen im Haus (Zimmer 3 und 7) verteilt, man kennt sich vom letzten Jahr noch gut aus. Andi und Lothilo \u00fcberf\u00e4llt der Hunger und Abhilfe schafft das Restaurant Bachmann. Wir brauchen noch etwas zum Abendbrot und auch f\u00fcrs Fr\u00fchst\u00fcck. Leider haben wir in der Pension Koffer vergessen.Ich &#8222;opfere&#8220; mich (hmmm schnell mal allein durch die Kurven sausen) und fahre schnell zur\u00fcck und hole meine volumin\u00f6sen Koffer f\u00fcr den Einkauf bei Hofer.<\/p>\n<p style=\"text-align: justify;\" align=\"justify\">Einkaufen und nun das Moped schlafen bringen, nein das ist nichts f\u00fcr Lothilo und Sylvia. &#8222;Ich bin doch zum Moped fahren hier.&#8220; Also auf geht&#8217;s mit Falko und Kathi zum Eis essen. Unser &#8222;F\u00fchrer&#8220; hat auch schon ein Ziel im Kopf. Wir springen auf unsere Mopeds und geben Gas. Wieder auf die B 111, kurze Zeit sp\u00e4ter biegen wir auf die Strasse zur &#8222;Windischen H\u00f6he&#8220; ab. Ein paar knackige Kurven und Steigungen bis 18 % machen Vorgeschmack auf die n\u00e4chsten Tage. Beim Eis auf der &#8222;Windischen H\u00f6he&#8220; stellt Lothilo fest, das er noch ein bisschen mehr fahren m\u00f6chte. Also weiter geht&#8217;s, \u00fcber Kreuzen, Paternion, Freistritz a.d. Drau bis kurz vor Villach. Dann weiter \u00fcber eine herrliche, kurvenreiche Strasse \u00fcber Bad-Bleiberg zur\u00fcck in unser Zuhause bei den Pichlers nach Pa\u00dfriach am Presseger See. Wer noch nicht da war, dem kann man kaum beschreiben wie sch\u00f6n man dort wohnt. Eine grandiose Aussicht auf den See und die Berge. Vom Liegestuhl im Garten kann man fast die reifen Kirschen ernten und beim Sonnenuntergang kann man die K\u00fche auf der satt-gr\u00fcnen Weide beim fressen beobachten. Abpropo &#8222;Fresschen&#8220;, Anne und Moni haben schon den Tisch gedeckt. Auch das Brot hat hier einen ganz besonderen Geschmack. K\u00fcmmel muss wohl das Geheimnis sein. Mit Wohlgef\u00fchl im Bauch und ein paar G\u00f6sser hauen wir uns aufs Ohr.<\/p>\n<p><!--nextpage--><\/p>\n<h2>Freitag 01.06.2007<\/h2>\n<p align=\"justify\">Glockenleuten, nicht vom Wecker, von den gesunden Schoki-K\u00fchen auf der Weide vor der T\u00fcr wecken uns. Nach der Dusche zum wach werden wird zusammen das Fr\u00fchst\u00fcck eingenommen. Das erkl\u00e4rte Ziel ist heute die Nockalmstrasse, und schon sitzen wir wieder auf unseren Mopeds und knattern durch Hermagor. Schon in Hermagor der erste Boxenstop, Annes Honda zickt etwas. Dank des guten Boxen-Teams geht&#8217;s schnell weiter nach Wei\u00dfbriach den Kreuzberg hoch.<\/p>\n<p><a href=\"https:\/\/i0.wp.com\/www.bdc-berlin.de\/cms\/wp-content\/uploads\/2012\/01\/Bild%206.JPG\"><img data-recalc-dims=\"1\" loading=\"lazy\" decoding=\"async\" data-attachment-id=\"215\" data-permalink=\"http:\/\/www.bdc-berlin.de\/cms\/2007-oesterreich-i\/attachment-bild-6\/\" data-orig-file=\"https:\/\/i0.wp.com\/www.bdc-berlin.de\/cms\/wp-content\/uploads\/2012\/01\/Bild%206.JPG?fit=638%2C480\" data-orig-size=\"638,480\" data-comments-opened=\"1\" data-image-meta=\"{&quot;aperture&quot;:&quot;0&quot;,&quot;credit&quot;:&quot;&quot;,&quot;camera&quot;:&quot;&quot;,&quot;caption&quot;:&quot;&quot;,&quot;created_timestamp&quot;:&quot;0&quot;,&quot;copyright&quot;:&quot;&quot;,&quot;focal_length&quot;:&quot;0&quot;,&quot;iso&quot;:&quot;0&quot;,&quot;shutter_speed&quot;:&quot;0&quot;,&quot;title&quot;:&quot;&quot;,&quot;orientation&quot;:&quot;0&quot;}\" data-image-title=\"Bild 6\" data-image-description=\"\" data-image-caption=\"\" data-large-file=\"https:\/\/i0.wp.com\/www.bdc-berlin.de\/cms\/wp-content\/uploads\/2012\/01\/Bild%206.JPG?fit=610%2C459\" class=\"aligncenter wp-image-215 size-medium\" style=\"border: 0px currentColor;\" src=\"https:\/\/i0.wp.com\/www.bdc-berlin.de\/cms\/wp-content\/uploads\/2012\/01\/Bild%206-300x226.jpg?resize=300%2C226\" alt=\"\" width=\"300\" height=\"226\" border=\"0\" srcset=\"https:\/\/i0.wp.com\/www.bdc-berlin.de\/cms\/wp-content\/uploads\/2012\/01\/Bild%206.JPG?resize=300%2C226 300w, https:\/\/i0.wp.com\/www.bdc-berlin.de\/cms\/wp-content\/uploads\/2012\/01\/Bild%206.JPG?w=638 638w\" sizes=\"auto, (max-width: 300px) 100vw, 300px\" \/><\/a><\/p>\n<p style=\"text-align: justify;\"><a href=\"https:\/\/i0.wp.com\/www.bdc-berlin.de\/cms\/wp-content\/uploads\/2012\/01\/Bild%207.JPG\"><img data-recalc-dims=\"1\" loading=\"lazy\" decoding=\"async\" data-attachment-id=\"216\" data-permalink=\"http:\/\/www.bdc-berlin.de\/cms\/2007-oesterreich-i\/attachment-bild-7\/\" data-orig-file=\"https:\/\/i0.wp.com\/www.bdc-berlin.de\/cms\/wp-content\/uploads\/2012\/01\/Bild%207.JPG?fit=638%2C480\" data-orig-size=\"638,480\" data-comments-opened=\"1\" data-image-meta=\"{&quot;aperture&quot;:&quot;0&quot;,&quot;credit&quot;:&quot;&quot;,&quot;camera&quot;:&quot;&quot;,&quot;caption&quot;:&quot;&quot;,&quot;created_timestamp&quot;:&quot;0&quot;,&quot;copyright&quot;:&quot;&quot;,&quot;focal_length&quot;:&quot;0&quot;,&quot;iso&quot;:&quot;0&quot;,&quot;shutter_speed&quot;:&quot;0&quot;,&quot;title&quot;:&quot;&quot;,&quot;orientation&quot;:&quot;0&quot;}\" data-image-title=\"Schnellreparatur\" data-image-description=\"\" data-image-caption=\"\" data-large-file=\"https:\/\/i0.wp.com\/www.bdc-berlin.de\/cms\/wp-content\/uploads\/2012\/01\/Bild%207.JPG?fit=610%2C459\" class=\"alignright size-thumbnail wp-image-216\" src=\"https:\/\/i0.wp.com\/www.bdc-berlin.de\/cms\/wp-content\/uploads\/2012\/01\/Bild%207-150x150.jpg?resize=150%2C150\" alt=\"\" width=\"150\" height=\"150\" srcset=\"https:\/\/i0.wp.com\/www.bdc-berlin.de\/cms\/wp-content\/uploads\/2012\/01\/Bild%207.JPG?resize=150%2C150 150w, https:\/\/i0.wp.com\/www.bdc-berlin.de\/cms\/wp-content\/uploads\/2012\/01\/Bild%207.JPG?zoom=2&amp;resize=150%2C150 300w, https:\/\/i0.wp.com\/www.bdc-berlin.de\/cms\/wp-content\/uploads\/2012\/01\/Bild%207.JPG?zoom=3&amp;resize=150%2C150 450w\" sizes=\"auto, (max-width: 150px) 100vw, 150px\" \/><\/a>Auf Passh\u00f6he 1077m z\u00e4hle ich dann bei einer kleinen Pause alle durch. Alle sind da und die Stra\u00dfe wird als gut befahrbar bewertet. Da ich verspreche das es nur noch besser wird k\u00f6nnen wir weiterfahren. Doch schon bei Greifenburg streikt Annes Honda erneut. Derweil ich mich um die Honda k\u00fcmmere suchen Kathi und Andi eine Apotheke auf weil sie ein Mittel gegen ihre Gr\u00e4ser-Allergie brauchen.<\/p>\n<p style=\"text-align: justify;\">Einige Ecken weiter finden wir auch eine Mopedwerkstatt in der wir ein paar Ersatzsicherungen f\u00fcr Annes Z\u00fcndsystem kaufen. Derweil hat Anne schon eine gebrauchte KTM Duke entdeckt und denkt \u00fcber einen Tausch der Mopeds nach. So weit kommt es aber nicht, die alte Honda schnurrt nun wieder.<\/p>\n<p style=\"text-align: justify;\"><a href=\"https:\/\/i0.wp.com\/www.bdc-berlin.de\/cms\/wp-content\/uploads\/2012\/01\/Bild%208.JPG\"><img data-recalc-dims=\"1\" loading=\"lazy\" decoding=\"async\" data-attachment-id=\"217\" data-permalink=\"http:\/\/www.bdc-berlin.de\/cms\/2007-oesterreich-i\/attachment-bild-8\/\" data-orig-file=\"https:\/\/i0.wp.com\/www.bdc-berlin.de\/cms\/wp-content\/uploads\/2012\/01\/Bild%208.JPG?fit=640%2C480\" data-orig-size=\"640,480\" data-comments-opened=\"1\" data-image-meta=\"{&quot;aperture&quot;:&quot;0&quot;,&quot;credit&quot;:&quot;&quot;,&quot;camera&quot;:&quot;&quot;,&quot;caption&quot;:&quot;&quot;,&quot;created_timestamp&quot;:&quot;0&quot;,&quot;copyright&quot;:&quot;&quot;,&quot;focal_length&quot;:&quot;0&quot;,&quot;iso&quot;:&quot;0&quot;,&quot;shutter_speed&quot;:&quot;0&quot;,&quot;title&quot;:&quot;&quot;,&quot;orientation&quot;:&quot;0&quot;}\" data-image-title=\"Nockalm\" data-image-description=\"\" data-image-caption=\"\" data-large-file=\"https:\/\/i0.wp.com\/www.bdc-berlin.de\/cms\/wp-content\/uploads\/2012\/01\/Bild%208.JPG?fit=610%2C458\" class=\"alignleft size-thumbnail wp-image-217\" src=\"https:\/\/i0.wp.com\/www.bdc-berlin.de\/cms\/wp-content\/uploads\/2012\/01\/Bild%208-150x150.jpg?resize=150%2C150\" alt=\"\" width=\"150\" height=\"150\" srcset=\"https:\/\/i0.wp.com\/www.bdc-berlin.de\/cms\/wp-content\/uploads\/2012\/01\/Bild%208.JPG?resize=150%2C150 150w, https:\/\/i0.wp.com\/www.bdc-berlin.de\/cms\/wp-content\/uploads\/2012\/01\/Bild%208.JPG?zoom=2&amp;resize=150%2C150 300w, https:\/\/i0.wp.com\/www.bdc-berlin.de\/cms\/wp-content\/uploads\/2012\/01\/Bild%208.JPG?zoom=3&amp;resize=150%2C150 450w\" sizes=\"auto, (max-width: 150px) 100vw, 150px\" \/><\/a>Kurz vor Spittal biegen wir auf die B 99 ab und unter meter-hohen, \u00fcber uns liegenden Autobahnbr\u00fccken, wieder kleine Kurven nach Gm\u00fcnd. Dort halte ich zum Tankstop und erw\u00e4hne lieber nicht das es im Ort ein sch\u00f6nes Porsche Museum gibt. \u00dcber Vorderkrems, Innerkrems erreichen wir die Mautstelle der Nockalmstrasse. F\u00fcr die Maut bekommt auch jedes Motorrad einen schicken Aufkleber.<\/p>\n<p style=\"text-align: justify;\"><a href=\"https:\/\/i0.wp.com\/www.bdc-berlin.de\/cms\/wp-content\/uploads\/2012\/01\/Bild%209.JPG\"><img data-recalc-dims=\"1\" loading=\"lazy\" decoding=\"async\" data-attachment-id=\"218\" data-permalink=\"http:\/\/www.bdc-berlin.de\/cms\/2007-oesterreich-i\/attachment-bild-9\/\" data-orig-file=\"https:\/\/i0.wp.com\/www.bdc-berlin.de\/cms\/wp-content\/uploads\/2012\/01\/Bild%209.JPG?fit=480%2C638\" data-orig-size=\"480,638\" data-comments-opened=\"1\" data-image-meta=\"{&quot;aperture&quot;:&quot;0&quot;,&quot;credit&quot;:&quot;&quot;,&quot;camera&quot;:&quot;&quot;,&quot;caption&quot;:&quot;&quot;,&quot;created_timestamp&quot;:&quot;0&quot;,&quot;copyright&quot;:&quot;&quot;,&quot;focal_length&quot;:&quot;0&quot;,&quot;iso&quot;:&quot;0&quot;,&quot;shutter_speed&quot;:&quot;0&quot;,&quot;title&quot;:&quot;&quot;,&quot;orientation&quot;:&quot;0&quot;}\" data-image-title=\"Bild 9\" data-image-description=\"\" data-image-caption=\"\" data-large-file=\"https:\/\/i0.wp.com\/www.bdc-berlin.de\/cms\/wp-content\/uploads\/2012\/01\/Bild%209.JPG?fit=480%2C638\" class=\"alignright size-thumbnail wp-image-218\" src=\"https:\/\/i0.wp.com\/www.bdc-berlin.de\/cms\/wp-content\/uploads\/2012\/01\/Bild%209-150x150.jpg?resize=150%2C150\" alt=\"\" width=\"150\" height=\"150\" srcset=\"https:\/\/i0.wp.com\/www.bdc-berlin.de\/cms\/wp-content\/uploads\/2012\/01\/Bild%209.JPG?resize=150%2C150 150w, https:\/\/i0.wp.com\/www.bdc-berlin.de\/cms\/wp-content\/uploads\/2012\/01\/Bild%209.JPG?zoom=2&amp;resize=150%2C150 300w, https:\/\/i0.wp.com\/www.bdc-berlin.de\/cms\/wp-content\/uploads\/2012\/01\/Bild%209.JPG?zoom=3&amp;resize=150%2C150 450w\" sizes=\"auto, (max-width: 150px) 100vw, 150px\" \/><\/a>Nun f\u00e4hrt Andi vor, er l\u00e4sst sich nicht lange bitten und knallt mit seiner Triumph an uns vorbei und testet wie viel Drehmoment bei bis zu 2344 Meter \u00fcber dem Meer noch in seiner Sprint ST stecken. Er scheint seinen Spa\u00df zu haben und zieht einen sauberen Strich ums Eck. Daf\u00fcr bekommt Andi die erste und h\u00f6chste Auszeichnung: den Nockalmhut. Moni ist auf den Hund gekommen und hat die Haare sch\u00f6n.<\/p>\n<p style=\"text-align: justify;\">Bei der Weiterfahrt darf Kathi uns alle mal mit Sylvias Kamera in der Schr\u00e4glage filmen. Aber eine ausf\u00fchrliche Einweisung w\u00e4re wohl besser gewesen wie wir sp\u00e4ter noch feststellen werden. Aber so schnell gibt Kathi nicht auf, und filmt jetzt sogar beim fahren \u00fcber Wanderwege. Eine Empfehlung hat uns diesen Weg geleitet. Die Steigerh\u00fctte, wahrscheinlich wegen der Erreichbarkeit mehr von Wanderern besucht, l\u00e4dt uns zur Jause ein. Da strahlt auch der kleine Lothi und nimmt erwartungsvoll in der kleinen Bergh\u00fctte platz.<\/p>\n<p style=\"text-align: justify;\"><a href=\"https:\/\/i0.wp.com\/www.bdc-berlin.de\/cms\/wp-content\/uploads\/2012\/01\/Bild%2010.JPG\"><img data-recalc-dims=\"1\" loading=\"lazy\" decoding=\"async\" data-attachment-id=\"219\" data-permalink=\"http:\/\/www.bdc-berlin.de\/cms\/2007-oesterreich-i\/attachment-bild-10\/\" data-orig-file=\"https:\/\/i0.wp.com\/www.bdc-berlin.de\/cms\/wp-content\/uploads\/2012\/01\/Bild%2010.JPG?fit=480%2C638\" data-orig-size=\"480,638\" data-comments-opened=\"1\" data-image-meta=\"{&quot;aperture&quot;:&quot;0&quot;,&quot;credit&quot;:&quot;&quot;,&quot;camera&quot;:&quot;&quot;,&quot;caption&quot;:&quot;&quot;,&quot;created_timestamp&quot;:&quot;0&quot;,&quot;copyright&quot;:&quot;&quot;,&quot;focal_length&quot;:&quot;0&quot;,&quot;iso&quot;:&quot;0&quot;,&quot;shutter_speed&quot;:&quot;0&quot;,&quot;title&quot;:&quot;&quot;,&quot;orientation&quot;:&quot;0&quot;}\" data-image-title=\"Pause auf der Nockalm\" data-image-description=\"\" data-image-caption=\"\" data-large-file=\"https:\/\/i0.wp.com\/www.bdc-berlin.de\/cms\/wp-content\/uploads\/2012\/01\/Bild%2010.JPG?fit=480%2C638\" class=\"alignleft size-thumbnail wp-image-219\" src=\"https:\/\/i0.wp.com\/www.bdc-berlin.de\/cms\/wp-content\/uploads\/2012\/01\/Bild%2010-150x150.jpg?resize=150%2C150\" alt=\"\" width=\"150\" height=\"150\" srcset=\"https:\/\/i0.wp.com\/www.bdc-berlin.de\/cms\/wp-content\/uploads\/2012\/01\/Bild%2010.JPG?resize=150%2C150 150w, https:\/\/i0.wp.com\/www.bdc-berlin.de\/cms\/wp-content\/uploads\/2012\/01\/Bild%2010.JPG?zoom=2&amp;resize=150%2C150 300w, https:\/\/i0.wp.com\/www.bdc-berlin.de\/cms\/wp-content\/uploads\/2012\/01\/Bild%2010.JPG?zoom=3&amp;resize=150%2C150 450w\" sizes=\"auto, (max-width: 150px) 100vw, 150px\" \/><\/a>Er bestellt sich eine Schinkenjause und Sylvia bekommt eine K\u00e4sejause. Mit einem etwas skeptischen Blick nimmt Sylvia ihre Jause entgegen. Neben leckerem Brot liegt leider nur fetter Bergk\u00e4se auf dem Brettchen. Lothi opfert sich aber gerne f\u00fcr seine Frau und tauscht Schinken gegen K\u00e4se. Seinem Gesicht kann man entnehmen das er uns noch Jahre sp\u00e4ter von dieser K\u00f6stlichkeit berichten wird&#8230; So schnell wird es wohl keine K\u00e4sejause geben. Vorbei an ein paar verr\u00fcckten Rindern geht es zur\u00fcck auf die Nockalmstrasse. Bergab genie\u00dfen Kathi und ich das Bollern im Auspuff unserer Triumph Sprint ST. Ohne zu fragen biege ich im Tal nach links ab um der Triumph noch andere Kl\u00e4nge zu entlocken.<\/p>\n<p style=\"text-align: justify;\"><a href=\"https:\/\/i0.wp.com\/www.bdc-berlin.de\/cms\/wp-content\/uploads\/2012\/01\/Bild%2011.JPG\"><img data-recalc-dims=\"1\" loading=\"lazy\" decoding=\"async\" data-attachment-id=\"220\" data-permalink=\"http:\/\/www.bdc-berlin.de\/cms\/2007-oesterreich-i\/attachment-bild-11\/\" data-orig-file=\"https:\/\/i0.wp.com\/www.bdc-berlin.de\/cms\/wp-content\/uploads\/2012\/01\/Bild%2011.JPG?fit=640%2C480\" data-orig-size=\"640,480\" data-comments-opened=\"1\" data-image-meta=\"{&quot;aperture&quot;:&quot;0&quot;,&quot;credit&quot;:&quot;&quot;,&quot;camera&quot;:&quot;&quot;,&quot;caption&quot;:&quot;&quot;,&quot;created_timestamp&quot;:&quot;0&quot;,&quot;copyright&quot;:&quot;&quot;,&quot;focal_length&quot;:&quot;0&quot;,&quot;iso&quot;:&quot;0&quot;,&quot;shutter_speed&quot;:&quot;0&quot;,&quot;title&quot;:&quot;&quot;,&quot;orientation&quot;:&quot;0&quot;}\" data-image-title=\"Bild 11\" data-image-description=\"\" data-image-caption=\"\" data-large-file=\"https:\/\/i0.wp.com\/www.bdc-berlin.de\/cms\/wp-content\/uploads\/2012\/01\/Bild%2011.JPG?fit=610%2C458\" class=\"alignright size-thumbnail wp-image-220\" src=\"https:\/\/i0.wp.com\/www.bdc-berlin.de\/cms\/wp-content\/uploads\/2012\/01\/Bild%2011-150x150.jpg?resize=150%2C150\" alt=\"\" width=\"150\" height=\"150\" srcset=\"https:\/\/i0.wp.com\/www.bdc-berlin.de\/cms\/wp-content\/uploads\/2012\/01\/Bild%2011.JPG?resize=150%2C150 150w, https:\/\/i0.wp.com\/www.bdc-berlin.de\/cms\/wp-content\/uploads\/2012\/01\/Bild%2011.JPG?zoom=2&amp;resize=150%2C150 300w, https:\/\/i0.wp.com\/www.bdc-berlin.de\/cms\/wp-content\/uploads\/2012\/01\/Bild%2011.JPG?zoom=3&amp;resize=150%2C150 450w\" sizes=\"auto, (max-width: 150px) 100vw, 150px\" \/><\/a>Es liegt die Turracher H\u00f6he vor uns, mit Steigungen von bis zu 23 %. Langsam drehe ich Hebel um Kathi Zeit zu geben und zu verhindern das sie eine Rolle r\u00fcckw\u00e4rts vom Motorrad macht. Schon ab 3000 U \/ min \u00e4ndert sich der Motorsound von ohrenf\u00fcllendem Brummen langsam in trommelndes Gegrummel. Ab ca. 6000 U \/ min bl\u00e4st die Triumph-Triple satt in die drei Auspufftrompeten. Ein Sound der s\u00fcchtig machen kann und deshalb bleiben jetzt mal die niedrigen G\u00e4nge im Getriebe.<\/p>\n<p style=\"text-align: justify;\">Die &#8222;Rampe&#8220; hinauf nach Turrach ist gro\u00df und breit, bestens ausgelegt f\u00fcr schnelle Kurven. Ruck-Zuck sind ein paar hundert H\u00f6henmeter \u00fcberwunden und ich stelle die gut durchgeheizte Triumph mit knisterndem Motor ab und warte mit der Kamera auf das Verfolgerfeld.<\/p>\n<p style=\"text-align: justify;\"><a href=\"https:\/\/i0.wp.com\/www.bdc-berlin.de\/cms\/wp-content\/uploads\/2012\/01\/Bild%2012.JPG\"><img data-recalc-dims=\"1\" loading=\"lazy\" decoding=\"async\" data-attachment-id=\"221\" data-permalink=\"http:\/\/www.bdc-berlin.de\/cms\/2007-oesterreich-i\/attachment-bild-12\/\" data-orig-file=\"https:\/\/i0.wp.com\/www.bdc-berlin.de\/cms\/wp-content\/uploads\/2012\/01\/Bild%2012.JPG?fit=638%2C480\" data-orig-size=\"638,480\" data-comments-opened=\"1\" data-image-meta=\"{&quot;aperture&quot;:&quot;0&quot;,&quot;credit&quot;:&quot;&quot;,&quot;camera&quot;:&quot;&quot;,&quot;caption&quot;:&quot;&quot;,&quot;created_timestamp&quot;:&quot;0&quot;,&quot;copyright&quot;:&quot;&quot;,&quot;focal_length&quot;:&quot;0&quot;,&quot;iso&quot;:&quot;0&quot;,&quot;shutter_speed&quot;:&quot;0&quot;,&quot;title&quot;:&quot;&quot;,&quot;orientation&quot;:&quot;0&quot;}\" data-image-title=\"Bild 12\" data-image-description=\"\" data-image-caption=\"\" data-large-file=\"https:\/\/i0.wp.com\/www.bdc-berlin.de\/cms\/wp-content\/uploads\/2012\/01\/Bild%2012.JPG?fit=610%2C459\" class=\"alignright size-thumbnail wp-image-221\" src=\"https:\/\/i0.wp.com\/www.bdc-berlin.de\/cms\/wp-content\/uploads\/2012\/01\/Bild%2012-150x150.jpg?resize=150%2C150\" alt=\"\" width=\"150\" height=\"150\" srcset=\"https:\/\/i0.wp.com\/www.bdc-berlin.de\/cms\/wp-content\/uploads\/2012\/01\/Bild%2012.JPG?resize=150%2C150 150w, https:\/\/i0.wp.com\/www.bdc-berlin.de\/cms\/wp-content\/uploads\/2012\/01\/Bild%2012.JPG?zoom=2&amp;resize=150%2C150 300w, https:\/\/i0.wp.com\/www.bdc-berlin.de\/cms\/wp-content\/uploads\/2012\/01\/Bild%2012.JPG?zoom=3&amp;resize=150%2C150 450w\" sizes=\"auto, (max-width: 150px) 100vw, 150px\" \/><\/a>Begeisterte Gesichter fahren mir vor die Kamera. Anne erz\u00e4hlt von Leistungsverlusten und dachte sie steht mit dem alten Hondaeisen. Es geht aber auch genauso sch\u00f6n wieder auf der Steiermarkseite herunter. Nach den gro\u00dfen breiten &#8222;Rampen&#8220; folgen ein nicht enden wollendes Kurvengeschl\u00e4ngel, einfach herrlich! Auf dem Weg nach Tamsweg droht meiner Triumph eine Premiere: die Wassertaufe!<\/p>\n<p style=\"text-align: justify;\">Es sind nur wenige Momente Regen, aber die Karre sieht schon zum heulen aus. Aus diesem \u00c4rger \u00fcbersehe ich den Abzweig bei St. Michael, aber geteiltes Leid ist halbes Leid. Wieder geht es bergauf mit uns. Dieses mal ist es der Katschbergpass. Zwar auch 21 % steil, aber f\u00fcr uns nicht mehr aufregend und fahren gleich weiter. Kurz vor Spital noch eine kleine Zigarettenpause und dann noch mal am Kabel gezogen \u00fcber den Kreuzberg r\u00fcber.<\/p>\n<p style=\"text-align: justify;\"><a href=\"https:\/\/i0.wp.com\/www.bdc-berlin.de\/cms\/wp-content\/uploads\/2012\/01\/Bild%2013.JPG\"><img data-recalc-dims=\"1\" loading=\"lazy\" decoding=\"async\" data-attachment-id=\"222\" data-permalink=\"http:\/\/www.bdc-berlin.de\/cms\/2007-oesterreich-i\/attachment-bild-13\/\" data-orig-file=\"https:\/\/i0.wp.com\/www.bdc-berlin.de\/cms\/wp-content\/uploads\/2012\/01\/Bild%2013.JPG?fit=638%2C480\" data-orig-size=\"638,480\" data-comments-opened=\"1\" data-image-meta=\"{&quot;aperture&quot;:&quot;0&quot;,&quot;credit&quot;:&quot;&quot;,&quot;camera&quot;:&quot;&quot;,&quot;caption&quot;:&quot;&quot;,&quot;created_timestamp&quot;:&quot;0&quot;,&quot;copyright&quot;:&quot;&quot;,&quot;focal_length&quot;:&quot;0&quot;,&quot;iso&quot;:&quot;0&quot;,&quot;shutter_speed&quot;:&quot;0&quot;,&quot;title&quot;:&quot;&quot;,&quot;orientation&quot;:&quot;0&quot;}\" data-image-title=\"Bild 13\" data-image-description=\"\" data-image-caption=\"\" data-large-file=\"https:\/\/i0.wp.com\/www.bdc-berlin.de\/cms\/wp-content\/uploads\/2012\/01\/Bild%2013.JPG?fit=610%2C459\" class=\"alignleft size-thumbnail wp-image-222\" src=\"https:\/\/i0.wp.com\/www.bdc-berlin.de\/cms\/wp-content\/uploads\/2012\/01\/Bild%2013-150x150.jpg?resize=150%2C150\" alt=\"\" width=\"150\" height=\"150\" srcset=\"https:\/\/i0.wp.com\/www.bdc-berlin.de\/cms\/wp-content\/uploads\/2012\/01\/Bild%2013.JPG?resize=150%2C150 150w, https:\/\/i0.wp.com\/www.bdc-berlin.de\/cms\/wp-content\/uploads\/2012\/01\/Bild%2013.JPG?zoom=2&amp;resize=150%2C150 300w, https:\/\/i0.wp.com\/www.bdc-berlin.de\/cms\/wp-content\/uploads\/2012\/01\/Bild%2013.JPG?zoom=3&amp;resize=150%2C150 450w\" sizes=\"auto, (max-width: 150px) 100vw, 150px\" \/><\/a>In Pa\u00dfrich erwartet uns Hausherr Hermann schon sehns\u00fcchtig. Wir hatten ihm und seiner Frau Annegret doch versprochen gemeinsam zu grillen und nun sind wir schon sp\u00e4t dran. Wir werden dann von den auch geladenen anderen Hausg\u00e4sten etwas strafend angesehen als wir den Raum betreten. Die &#8222;Stinker&#8220; kommen&#8230; Aber mit etwas Diplomatie und dem einen oder anderen Obstler ist bald alles vergessen und die &#8222;Fossis&#8220; akzeptieren uns.<\/p>\n<p style=\"text-align: justify;\">Annegret und Hermann haben uns allen wieder mal einen tollen Abend bereitet und so k\u00f6nnen wir zufrieden und fr\u00f6hlich ins Bett fallen.<\/p>\n<p style=\"text-align: right;\"><a href=\"\/cms\/2007\/06\/02\/2007-oesterreich-teil-ii\/\">Weiter zu Teil 2 -&gt;<\/a><\/p>\n","protected":false},"excerpt":{"rendered":"<p>Mitwirkende: Geschafft ! H\u00f6rt sich als \u00dcberschrift furchtbar an oder? Es ist ein Dank. Weil: eine nette Truppe zusammenstellen, alles buchen, Essen und Trinken besorgen, gutes Wetter haben, und viele andere Dinge die in dieser sch\u00f6nen Woche passiert sind, haben wir jetzt geschafft. Noch unverst\u00e4ndlich? Vielleicht so: Es war ein unglaublich sch\u00f6ner, erholsamer Urlaub. Dazu [&hellip;]<\/p>\n","protected":false},"author":6,"featured_media":210,"comment_status":"open","ping_status":"open","sticky":false,"template":"","format":"standard","meta":{"_bbp_topic_count":0,"_bbp_reply_count":0,"_bbp_total_topic_count":0,"_bbp_total_reply_count":0,"_bbp_voice_count":0,"_bbp_anonymous_reply_count":0,"_bbp_topic_count_hidden":0,"_bbp_reply_count_hidden":0,"_bbp_forum_subforum_count":0,"jetpack_post_was_ever_published":false,"_jetpack_newsletter_access":"","_jetpack_dont_email_post_to_subs":true,"_jetpack_newsletter_tier_id":0,"_jetpack_memberships_contains_paywalled_content":false,"_jetpack_memberships_contains_paid_content":false,"footnotes":""},"categories":[29],"tags":[],"class_list":["post-223","post","type-post","status-publish","format-standard","has-post-thumbnail","hentry","category-touren"],"jetpack_featured_media_url":"https:\/\/i0.wp.com\/www.bdc-berlin.de\/cms\/wp-content\/uploads\/2012\/01\/Bild%201.JPG?fit=640%2C480","jetpack_sharing_enabled":true,"jetpack_shortlink":"https:\/\/wp.me\/p8vfci-3B","_links":{"self":[{"href":"http:\/\/www.bdc-berlin.de\/cms\/wp-json\/wp\/v2\/posts\/223","targetHints":{"allow":["GET"]}}],"collection":[{"href":"http:\/\/www.bdc-berlin.de\/cms\/wp-json\/wp\/v2\/posts"}],"about":[{"href":"http:\/\/www.bdc-berlin.de\/cms\/wp-json\/wp\/v2\/types\/post"}],"author":[{"embeddable":true,"href":"http:\/\/www.bdc-berlin.de\/cms\/wp-json\/wp\/v2\/users\/6"}],"replies":[{"embeddable":true,"href":"http:\/\/www.bdc-berlin.de\/cms\/wp-json\/wp\/v2\/comments?post=223"}],"version-history":[{"count":10,"href":"http:\/\/www.bdc-berlin.de\/cms\/wp-json\/wp\/v2\/posts\/223\/revisions"}],"predecessor-version":[{"id":1828,"href":"http:\/\/www.bdc-berlin.de\/cms\/wp-json\/wp\/v2\/posts\/223\/revisions\/1828"}],"wp:featuredmedia":[{"embeddable":true,"href":"http:\/\/www.bdc-berlin.de\/cms\/wp-json\/wp\/v2\/media\/210"}],"wp:attachment":[{"href":"http:\/\/www.bdc-berlin.de\/cms\/wp-json\/wp\/v2\/media?parent=223"}],"wp:term":[{"taxonomy":"category","embeddable":true,"href":"http:\/\/www.bdc-berlin.de\/cms\/wp-json\/wp\/v2\/categories?post=223"},{"taxonomy":"post_tag","embeddable":true,"href":"http:\/\/www.bdc-berlin.de\/cms\/wp-json\/wp\/v2\/tags?post=223"}],"curies":[{"name":"wp","href":"https:\/\/api.w.org\/{rel}","templated":true}]}}